{"id":4352,"date":"2025-02-06T11:55:35","date_gmt":"2025-02-06T09:55:35","guid":{"rendered":"https:\/\/ringdoc.ro\/resurse-medicale\/?p=4352"},"modified":"2025-02-17T17:30:18","modified_gmt":"2025-02-17T15:30:18","slug":"febra-la-bebelusi","status":"publish","type":"post","link":"https:\/\/ringdoc.ro\/resurse-medicale\/febra-la-bebelusi\/","title":{"rendered":"Febra la bebelu\u0219i &#8211; tot ce trebuie s\u0103 \u0219tii"},"content":{"rendered":"\t\t<div data-elementor-type=\"wp-post\" data-elementor-id=\"4352\" class=\"elementor elementor-4352\" data-elementor-post-type=\"post\">\n\t\t\t\t<div class=\"elementor-element elementor-element-cab1bdb e-con-full e-flex e-con e-parent\" data-id=\"cab1bdb\" data-element_type=\"container\" data-e-type=\"container\">\n\t\t<div class=\"elementor-element elementor-element-7bb658e e-con-full e-flex e-con e-child\" data-id=\"7bb658e\" data-element_type=\"container\" data-e-type=\"container\">\n\t\t\t\t<div class=\"elementor-element elementor-element-71ef734 elementor-widget elementor-widget-text-editor\" data-id=\"71ef734\" data-element_type=\"widget\" data-e-type=\"widget\" data-widget_type=\"text-editor.default\">\n\t\t\t\t<div class=\"elementor-widget-container\">\n\t\t\t\t\t\t\t\t\t<p>Febra la bebelu\u0219i este una dintre cele mai mari preocup\u0103ri pentru p\u0103rin\u021bi. Chiar dac\u0103 este un mecanism natural de ap\u0103rare al organismului \u00eempotriva infec\u021biilor, poate fi un semn al unei probleme serioase, care necesit\u0103 aten\u021bie medical\u0103. \u00cen acest articol vom afla c\u00e2nd febra bebelu\u0219ului t\u0103u necesit\u0103 aten\u021bie medical\u0103 urgent\u0103 \u0219i cum po\u021bi ob\u021bine rapid un consult de la un medic pediatru.<\/p>\t\t\t\t\t\t\t\t<\/div>\n\t\t\t\t<\/div>\n\t\t\t\t<div class=\"elementor-element elementor-element-04738e1 elementor-widget elementor-widget-heading\" data-id=\"04738e1\" data-element_type=\"widget\" data-e-type=\"widget\" data-widget_type=\"heading.default\">\n\t\t\t\t<div class=\"elementor-widget-container\">\n\t\t\t\t\t<h2 class=\"elementor-heading-title elementor-size-default\">Ce este febra la bebelu\u0219i?<\/h2>\t\t\t\t<\/div>\n\t\t\t\t<\/div>\n\t\t\t\t<div class=\"elementor-element elementor-element-7334500 elementor-widget elementor-widget-text-editor\" data-id=\"7334500\" data-element_type=\"widget\" data-e-type=\"widget\" data-widget_type=\"text-editor.default\">\n\t\t\t\t<div class=\"elementor-widget-container\">\n\t\t\t\t\t\t\t\t\t<p>Febra nu este o boal\u0103, ci un simptom care indic\u0103 faptul c\u0103 organismul copilului lupt\u0103 \u00eempotriva unei infec\u021bii. Temperatura normal\u0103 a corpului variaz\u0103 u\u0219or de la un copil la altul, dar \u00een general, se consider\u0103 febr\u0103 atunci c\u00e2nd temperatura dep\u0103\u0219e\u0219te:<\/p><ul><li><strong>38\u00b0C<\/strong> dac\u0103 este m\u0103surat\u0103 rectal<\/li><li><strong>37,5\u00b0C<\/strong> dac\u0103 este m\u0103surat\u0103 axilar<\/li><li><strong>38\u00b0C<\/strong> dac\u0103 este m\u0103surat\u0103 auricular sau frontal<\/li><\/ul>\t\t\t\t\t\t\t\t<\/div>\n\t\t\t\t<\/div>\n\t\t\t\t<div class=\"elementor-element elementor-element-ebc5333 elementor-widget elementor-widget-heading\" data-id=\"ebc5333\" data-element_type=\"widget\" data-e-type=\"widget\" data-widget_type=\"heading.default\">\n\t\t\t\t<div class=\"elementor-widget-container\">\n\t\t\t\t\t<h2 class=\"elementor-heading-title elementor-size-default\">Simptome asociate febrei la bebelu\u0219i<\/h2>\t\t\t\t<\/div>\n\t\t\t\t<\/div>\n\t\t\t\t<div class=\"elementor-element elementor-element-5790159 elementor-widget elementor-widget-text-editor\" data-id=\"5790159\" data-element_type=\"widget\" data-e-type=\"widget\" data-widget_type=\"text-editor.default\">\n\t\t\t\t<div class=\"elementor-widget-container\">\n\t\t\t\t\t\t\t\t\t<p>De obicei, febra este \u00eenso\u021bit\u0103 de alte simptome precum:<\/p><ul><li>Iritabilitate sau pl\u00e2ns excesiv<\/li><li>Lipsa poftei de m\u00e2ncare<\/li><li>Somnolen\u021b\u0103 sau, dimpotriv\u0103, agita\u021bie<\/li><li>Frisoane sau transpira\u021bie abundent\u0103<\/li><li>Piele fierbinte la atingere<\/li><\/ul><p>\u00cen func\u021bie de cauza febrei, pot ap\u0103rea \u0219i simptome suplimentare, cum ar fi tuse, secre\u021bii nazale sau probleme digestive.<\/p>\t\t\t\t\t\t\t\t<\/div>\n\t\t\t\t<\/div>\n\t\t\t\t<div class=\"elementor-element elementor-element-bac7e8d elementor-widget elementor-widget-heading\" data-id=\"bac7e8d\" data-element_type=\"widget\" data-e-type=\"widget\" data-widget_type=\"heading.default\">\n\t\t\t\t<div class=\"elementor-widget-container\">\n\t\t\t\t\t<h2 class=\"elementor-heading-title elementor-size-default\">Cauze posibile ale febrei la bebelu\u0219i<\/h2>\t\t\t\t<\/div>\n\t\t\t\t<\/div>\n\t\t\t\t<div class=\"elementor-element elementor-element-be160e8 elementor-widget elementor-widget-text-editor\" data-id=\"be160e8\" data-element_type=\"widget\" data-e-type=\"widget\" data-widget_type=\"text-editor.default\">\n\t\t\t\t<div class=\"elementor-widget-container\">\n\t\t\t\t\t\t\t\t\t<p>Febra poate fi declan\u0219at\u0103 de mai mul\u021bi factori, cei mai frecven\u021bi fiind:<\/p>\t\t\t\t\t\t\t\t<\/div>\n\t\t\t\t<\/div>\n\t\t\t\t<div class=\"elementor-element elementor-element-2237ce4 elementor-widget elementor-widget-heading\" data-id=\"2237ce4\" data-element_type=\"widget\" data-e-type=\"widget\" data-widget_type=\"heading.default\">\n\t\t\t\t<div class=\"elementor-widget-container\">\n\t\t\t\t\t<h4 class=\"elementor-heading-title elementor-size-default\">Infec\u021bii virale<\/h4>\t\t\t\t<\/div>\n\t\t\t\t<\/div>\n\t\t\t\t<div class=\"elementor-element elementor-element-0361133 elementor-widget elementor-widget-text-editor\" data-id=\"0361133\" data-element_type=\"widget\" data-e-type=\"widget\" data-widget_type=\"text-editor.default\">\n\t\t\t\t<div class=\"elementor-widget-container\">\n\t\t\t\t\t\t\t\t\t<p>Multe episoade de febr\u0103 la bebelu\u0219i sunt cauzate de infec\u021bii virale, care de obicei trec de la sine. Printre cele mai comune se num\u0103r\u0103:<\/p><ul><li><strong><a href=\"https:\/\/blog.ringdoc.ro\/viroza-respiratorie-simptome-cauze-tratament\/\">R\u0103ceala \u0219i gripa<\/a><\/strong><\/li><li><strong><a href=\"https:\/\/blog.ringdoc.ro\/infectii-respiratorii-cauze-simptome-si-preventie\/\">Infec\u021biile respiratorii<\/a> (laringit\u0103, bron\u0219iolit\u0103)<\/strong><\/li><li>Enterovirozele (care pot provoca diaree \u0219i v\u0103rs\u0103turi)<\/li><li>Roseola infantum (o boal\u0103 viral\u0103 care determin\u0103 febr\u0103 mare urmat\u0103 de o erup\u021bie cutanat\u0103)<\/li><\/ul>\t\t\t\t\t\t\t\t<\/div>\n\t\t\t\t<\/div>\n\t\t\t\t<div class=\"elementor-element elementor-element-3d272e3 elementor-widget elementor-widget-heading\" data-id=\"3d272e3\" data-element_type=\"widget\" data-e-type=\"widget\" data-widget_type=\"heading.default\">\n\t\t\t\t<div class=\"elementor-widget-container\">\n\t\t\t\t\t<h4 class=\"elementor-heading-title elementor-size-default\">Infec\u021bii bacteriene<\/h4>\t\t\t\t<\/div>\n\t\t\t\t<\/div>\n\t\t\t\t<div class=\"elementor-element elementor-element-8df3736 elementor-widget elementor-widget-text-editor\" data-id=\"8df3736\" data-element_type=\"widget\" data-e-type=\"widget\" data-widget_type=\"text-editor.default\">\n\t\t\t\t<div class=\"elementor-widget-container\">\n\t\t\t\t\t\t\t\t\t<p>De\u0219i mai pu\u021bin frecvente, infec\u021biile bacteriene necesit\u0103 mai mult\u0103 aten\u021bie \u0219i uneori tratament cu antibiotice. Printre cele mai cunoscute sunt:<\/p><ul><li>Otita medie (infec\u021bia urechii)<\/li><li>Pneumonia<\/li><li><strong><a href=\"https:\/\/blog.ringdoc.ro\/infectiile-urinare-cauze-simptome-prevenire\/\">Infec\u021biile urinare<\/a><\/strong><\/li><li>Meningita bacterian\u0103 (o urgen\u021b\u0103 medical\u0103)<\/li><\/ul>\t\t\t\t\t\t\t\t<\/div>\n\t\t\t\t<\/div>\n\t\t\t\t<div class=\"elementor-element elementor-element-859f1c6 elementor-widget elementor-widget-heading\" data-id=\"859f1c6\" data-element_type=\"widget\" data-e-type=\"widget\" data-widget_type=\"heading.default\">\n\t\t\t\t<div class=\"elementor-widget-container\">\n\t\t\t\t\t<h4 class=\"elementor-heading-title elementor-size-default\">Reac\u021bii la vaccinuri<\/h4>\t\t\t\t<\/div>\n\t\t\t\t<\/div>\n\t\t\t\t<div class=\"elementor-element elementor-element-0ed1c60 elementor-widget elementor-widget-text-editor\" data-id=\"0ed1c60\" data-element_type=\"widget\" data-e-type=\"widget\" data-widget_type=\"text-editor.default\">\n\t\t\t\t<div class=\"elementor-widget-container\">\n\t\t\t\t\t\t\t\t\t<p>Dup\u0103 vaccinare, unii bebelu\u0219i pot avea febr\u0103 u\u0219oar\u0103, care dispare de obicei \u00een 24-48 de ore. Acest lucru este normal \u0219i nu necesit\u0103 tratament special, dec\u00e2t dac\u0103 febra este foarte mare sau copilul devine letargic.<\/p>\t\t\t\t\t\t\t\t<\/div>\n\t\t\t\t<\/div>\n\t\t\t\t<div class=\"elementor-element elementor-element-5d1723a elementor-widget elementor-widget-heading\" data-id=\"5d1723a\" data-element_type=\"widget\" data-e-type=\"widget\" data-widget_type=\"heading.default\">\n\t\t\t\t<div class=\"elementor-widget-container\">\n\t\t\t\t\t<h4 class=\"elementor-heading-title elementor-size-default\">Erup\u021bia dentar\u0103<\/h4>\t\t\t\t<\/div>\n\t\t\t\t<\/div>\n\t\t\t\t<div class=\"elementor-element elementor-element-42b82c2 elementor-widget elementor-widget-text-editor\" data-id=\"42b82c2\" data-element_type=\"widget\" data-e-type=\"widget\" data-widget_type=\"text-editor.default\">\n\t\t\t\t<div class=\"elementor-widget-container\">\n\t\t\t\t\t\t\t\t\t<p>Multe m\u0103mici observ\u0103 c\u0103 bebelu\u0219ii pot avea febr\u0103 atunci c\u00e2nd le ies din\u021bii. De\u0219i temperatura poate cre\u0219te u\u0219or, febra ridicat\u0103 (peste 38,5\u00b0C) nu este cauzat\u0103 de erup\u021bia dentar\u0103 \u0219i trebuie investigat\u0103.<\/p>\t\t\t\t\t\t\t\t<\/div>\n\t\t\t\t<\/div>\n\t\t\t\t<div class=\"elementor-element elementor-element-d97b8b8 elementor-widget elementor-widget-heading\" data-id=\"d97b8b8\" data-element_type=\"widget\" data-e-type=\"widget\" data-widget_type=\"heading.default\">\n\t\t\t\t<div class=\"elementor-widget-container\">\n\t\t\t\t\t<h4 class=\"elementor-heading-title elementor-size-default\">Expunerea la temperaturi ridicate<\/h4>\t\t\t\t<\/div>\n\t\t\t\t<\/div>\n\t\t\t\t<div class=\"elementor-element elementor-element-d9682e8 elementor-widget elementor-widget-text-editor\" data-id=\"d9682e8\" data-element_type=\"widget\" data-e-type=\"widget\" data-widget_type=\"text-editor.default\">\n\t\t\t\t<div class=\"elementor-widget-container\">\n\t\t\t\t\t\t\t\t\t<p>Bebelu\u0219ii sunt mai sensibili la supra\u00eenc\u0103lzire, fie din cauza \u00eembr\u0103c\u0103mintei prea groase, fie a unei camere supra\u00eenc\u0103lzite. Acest lucru poate duce la cre\u0219terea temperaturii corpului, f\u0103r\u0103 s\u0103 fie vorba de o infec\u021bie.<\/p>\t\t\t\t\t\t\t\t<\/div>\n\t\t\t\t<\/div>\n\t\t\t\t<div class=\"elementor-element elementor-element-e9408a6 elementor-widget elementor-widget-heading\" data-id=\"e9408a6\" data-element_type=\"widget\" data-e-type=\"widget\" data-widget_type=\"heading.default\">\n\t\t\t\t<div class=\"elementor-widget-container\">\n\t\t\t\t\t<h2 class=\"elementor-heading-title elementor-size-default\">Cum se m\u0103soar\u0103 corect temperatura bebelu\u0219ului?<\/h2>\t\t\t\t<\/div>\n\t\t\t\t<\/div>\n\t\t\t\t<div class=\"elementor-element elementor-element-005d6fd elementor-widget elementor-widget-text-editor\" data-id=\"005d6fd\" data-element_type=\"widget\" data-e-type=\"widget\" data-widget_type=\"text-editor.default\">\n\t\t\t\t<div class=\"elementor-widget-container\">\n\t\t\t\t\t\t\t\t\t<p>Modul \u00een care este m\u0103surat\u0103 temperatura influen\u021beaz\u0103 acurate\u021bea rezultatului. Cele mai eficiente metode sunt:<\/p><ul><li><strong>Rectal<\/strong> \u2013 recomandat\u0103 pentru bebelu\u0219ii sub 3 luni, deoarece ofer\u0103 cele mai precise valori.<\/li><li><strong>Axilar<\/strong> \u2013 mai pu\u021bin exact\u0103, dar util\u0103 pentru o verificare rapid\u0103.<\/li><li><strong>Auricular (\u00een ureche)<\/strong> \u2013 potrivit\u0103 pentru bebelu\u0219ii peste 6 luni, \u00eens\u0103 necesit\u0103 un termometru special.<\/li><li><strong>Frontal (cu termometru cu infraro\u0219u)<\/strong> \u2013 rapid\u0103 \u0219i confortabil\u0103, dar mai pu\u021bin precis\u0103 dec\u00e2t m\u0103surarea rectal\u0103.<br \/><br \/><\/li><\/ul><p>Dac\u0103 ai dubii legate de acurate\u021bea m\u0103sur\u0103torii, este bine s\u0103 confirmi rezultatul printr-o alt\u0103 metod\u0103.<\/p>\t\t\t\t\t\t\t\t<\/div>\n\t\t\t\t<\/div>\n\t\t\t\t<div class=\"elementor-element elementor-element-5461ec0 elementor-widget elementor-widget-heading\" data-id=\"5461ec0\" data-element_type=\"widget\" data-e-type=\"widget\" data-widget_type=\"heading.default\">\n\t\t\t\t<div class=\"elementor-widget-container\">\n\t\t\t\t\t<h2 class=\"elementor-heading-title elementor-size-default\">Cum po\u021bi sc\u0103dea febra bebelu\u0219ului acas\u0103?<\/h2>\t\t\t\t<\/div>\n\t\t\t\t<\/div>\n\t\t\t\t<div class=\"elementor-element elementor-element-1136654 elementor-widget elementor-widget-text-editor\" data-id=\"1136654\" data-element_type=\"widget\" data-e-type=\"widget\" data-widget_type=\"text-editor.default\">\n\t\t\t\t<div class=\"elementor-widget-container\">\n\t\t\t\t\t\t\t\t\t<p>Dac\u0103 febra nu este foarte mare \u0219i copilul nu prezint\u0103 simptome severe, exist\u0103 c\u00e2teva metode prin care o po\u021bi gestiona:<\/p><ul><li><strong>Asigur\u0103 hidratarea corespunz\u0103toare<\/strong> \u2013 Bebelu\u0219ii trebuie s\u0103 fie al\u0103pta\u021bi mai des sau s\u0103 primeasc\u0103 suficiente lichide, \u00een func\u021bie de v\u00e2rst\u0103.<\/li><li><strong>Men\u021bine o temperatur\u0103 confortabil\u0103 \u00een camer\u0103<\/strong> \u2013 O temperatur\u0103 de aproximativ 21-22\u00b0C este ideal\u0103.<\/li><li><strong>\u00cembrac\u0103 bebelu\u0219ul lejer<\/strong> \u2013 Evit\u0103 hainele groase, care pot re\u021bine c\u0103ldura.<\/li><li><strong>F\u0103-i o baie c\u0103ldu\u021b\u0103<\/strong> \u2013 Apa trebuie s\u0103 fie c\u0103ldu\u021b\u0103, nu rece, pentru a evita frisoanele.<\/li><li><strong>Administreaz\u0103 antipiretice doar la recomandarea medicului<\/strong> \u2013 Paracetamolul \u0219i ibuprofenul sunt eficiente pentru sc\u0103derea febrei, dar trebuie administrate conform indica\u021biilor medicului.<br \/><br \/><\/li><\/ul><p>Nu folosi comprese cu alcool sau ap\u0103 rece, deoarece pot provoca frisoane \u0219i agrava starea copilului.<\/p>\t\t\t\t\t\t\t\t<\/div>\n\t\t\t\t<\/div>\n\t\t\t\t<div class=\"elementor-element elementor-element-443f423 elementor-widget elementor-widget-heading\" data-id=\"443f423\" data-element_type=\"widget\" data-e-type=\"widget\" data-widget_type=\"heading.default\">\n\t\t\t\t<div class=\"elementor-widget-container\">\n\t\t\t\t\t<h2 class=\"elementor-heading-title elementor-size-default\">C\u00e2nd trebuie s\u0103 suni medicul pediatru?<\/h2>\t\t\t\t<\/div>\n\t\t\t\t<\/div>\n\t\t\t\t<div class=\"elementor-element elementor-element-4337510 elementor-widget elementor-widget-text-editor\" data-id=\"4337510\" data-element_type=\"widget\" data-e-type=\"widget\" data-widget_type=\"text-editor.default\">\n\t\t\t\t<div class=\"elementor-widget-container\">\n\t\t\t\t\t\t\t\t\t<p>De cele mai multe ori, febra la bebelu\u0219i nu este periculoas\u0103 \u0219i poate fi gestionat\u0103 acas\u0103. Totu\u0219i, exist\u0103 situa\u021bii \u00een care consultul medical este necesar:<\/p><ul><li>Bebelu\u0219ul are <strong>sub 3 luni<\/strong> \u0219i temperatura este peste <strong>38\u00b0C<\/strong><\/li><li>Bebelu\u0219ul are <strong>\u00eentre 3 \u0219i 6 luni<\/strong> \u0219i temperatura dep\u0103\u0219e\u0219te <strong>39\u00b0C<\/strong><\/li><li>Febra persist\u0103 <strong>mai mult de 72 de ore<\/strong><\/li><li>Bebelu\u0219ul este apatic, greu de trezit sau refuz\u0103 s\u0103 m\u0103n\u00e2nce<\/li><li>Respira\u021bia este dificil\u0103 sau accelerat\u0103<\/li><li>Apar convulsii febrile<\/li><li>Are o erup\u021bie pe piele care nu dispare la ap\u0103sare<\/li><li>Prezint\u0103 semne de deshidratare (guri\u021b\u0103 uscat\u0103, scutece mai pu\u021bin umede)<br \/><br \/><\/li><\/ul><p>Dac\u0103 observi oricare dintre aceste simptome, este important s\u0103 ceri sfatul unui medic.<\/p>\t\t\t\t\t\t\t\t<\/div>\n\t\t\t\t<\/div>\n\t\t\t\t<div class=\"elementor-element elementor-element-ca47e47 elementor-widget elementor-widget-heading\" data-id=\"ca47e47\" data-element_type=\"widget\" data-e-type=\"widget\" data-widget_type=\"heading.default\">\n\t\t\t\t<div class=\"elementor-widget-container\">\n\t\t\t\t\t<h2 class=\"elementor-heading-title elementor-size-default\">Concluzie<\/h2>\t\t\t\t<\/div>\n\t\t\t\t<\/div>\n\t\t\t\t<div class=\"elementor-element elementor-element-c3d6929 elementor-widget elementor-widget-text-editor\" data-id=\"c3d6929\" data-element_type=\"widget\" data-e-type=\"widget\" data-widget_type=\"text-editor.default\">\n\t\t\t\t<div class=\"elementor-widget-container\">\n\t\t\t\t\t\t\t\t\t<p>Febra la bebelu\u0219i este o reac\u021bie normal\u0103 a organismului \u0219i, \u00een cele mai multe cazuri, nu trebuie s\u0103 fie un motiv de panic\u0103. Cu toate acestea, este important s\u0103 \u0219tii cum s\u0103 o gestionezi corect \u0219i c\u00e2nd este necesar s\u0103 consul\u021bi un medic.<\/p><p>Monitorizarea atent\u0103 a simptomelor \u0219i aplicarea m\u0103surilor corecte pot ajuta la ameliorarea disconfortului bebelu\u0219ului \u0219i la prevenirea complica\u021biilor. Dac\u0103 febra persist\u0103 sau apar simptome \u00eengrijor\u0103toare, nu ezita s\u0103 ceri sfatul unui specialist.<\/p><p>Pentru acces rapid la un <strong><a href=\"https:\/\/www.ringdoc.ro\/patient\/medicList\/pediatrie\">medic pediatru online<\/a><\/strong>, po\u021bi folosi <strong><a href=\"https:\/\/www.ringdoc.ro\" target=\"_new\" rel=\"noopener\">Ringdoc<\/a><\/strong>, unde ai posibilitatea de a suna instant un specialist direct din aplica\u021bie, f\u0103r\u0103 programare. Astfel, po\u021bi primi \u00eendrumare medical\u0103 rapid\u0103, chiar din confortul casei tale.<\/p>\t\t\t\t\t\t\t\t<\/div>\n\t\t\t\t<\/div>\n\t\t\t\t<\/div>\n\t\t\t\t<\/div>\n\t\t\t\t<\/div>\n\t\t","protected":false},"excerpt":{"rendered":"<p>Febra la bebelu\u0219i este una dintre cele mai mari preocup\u0103ri pentru p\u0103rin\u021bi. Chiar dac\u0103 este un mecanism natural de ap\u0103rare al organismului \u00eempotriva infec\u021biilor, poate fi un semn al unei probleme serioase, care necesit\u0103 aten\u021bie medical\u0103. \u00cen acest articol vom afla c\u00e2nd febra bebelu\u0219ului t\u0103u necesit\u0103 aten\u021bie medical\u0103 urgent\u0103 \u0219i cum po\u021bi ob\u021bine rapid un [&hellip;]<\/p>\n","protected":false},"author":1,"featured_media":4523,"comment_status":"closed","ping_status":"closed","sticky":false,"template":"","format":"standard","meta":{"footnotes":""},"categories":[105],"tags":[124,109],"class_list":["post-4352","post","type-post","status-publish","format-standard","has-post-thumbnail","hentry","category-pediatrie","tag-bebelusi","tag-febra"],"yoast_head":"<!-- This site is optimized with the Yoast SEO Premium plugin v27.4 (Yoast SEO v27.4) - https:\/\/yoast.com\/product\/yoast-seo-premium-wordpress\/ -->\n<title>Febra la bebelu\u0219i - tot ce trebuie s\u0103 \u0219tii - Ringdoc - Resurse medicale<\/title>\n<meta name=\"description\" content=\"Descoper\u0103 cauzele \u0219i simptomele febrei la bebelu\u0219i \u0219i afl\u0103 c\u00e2nd este necesar s\u0103 consul\u021bi un medic pediatru pentru tratament adecvat\" \/>\n<meta name=\"robots\" content=\"index, follow, max-snippet:-1, max-image-preview:large, max-video-preview:-1\" \/>\n<link rel=\"canonical\" href=\"https:\/\/ringdoc.ro\/resurse-medicale\/febra-la-bebelusi\/\" \/>\n<meta property=\"og:locale\" content=\"en_US\" \/>\n<meta property=\"og:type\" content=\"article\" \/>\n<meta property=\"og:title\" content=\"Febra la bebelu\u0219i - tot ce trebuie s\u0103 \u0219tii\" \/>\n<meta property=\"og:description\" content=\"Descoper\u0103 cauzele \u0219i simptomele febrei la bebelu\u0219i \u0219i afl\u0103 c\u00e2nd este necesar s\u0103 consul\u021bi un medic pediatru pentru tratament adecvat\" \/>\n<meta property=\"og:url\" content=\"https:\/\/ringdoc.ro\/resurse-medicale\/febra-la-bebelusi\/\" \/>\n<meta property=\"og:site_name\" content=\"Ringdoc - Resurse medicale\" \/>\n<meta property=\"article:publisher\" content=\"https:\/\/www.facebook.com\/ringdocapp\" \/>\n<meta property=\"article:published_time\" content=\"2025-02-06T09:55:35+00:00\" \/>\n<meta property=\"article:modified_time\" content=\"2025-02-17T15:30:18+00:00\" \/>\n<meta property=\"og:image\" content=\"https:\/\/ringdoc.ro\/resurse-medicale\/wp-content\/uploads\/2025\/02\/febra-bebelusi-febra-la-bebelusi-pediatru-online-ringdoc.webp\" \/>\n\t<meta property=\"og:image:width\" content=\"1000\" \/>\n\t<meta property=\"og:image:height\" content=\"600\" \/>\n\t<meta property=\"og:image:type\" content=\"image\/webp\" \/>\n<meta name=\"author\" content=\"marketing\" \/>\n<script type=\"application\/ld+json\" class=\"yoast-schema-graph\">{\"@context\":\"https:\\\/\\\/schema.org\",\"@graph\":[{\"@type\":\"Article\",\"@id\":\"https:\\\/\\\/ringdoc.ro\\\/resurse-medicale\\\/febra-la-bebelusi\\\/#article\",\"isPartOf\":{\"@id\":\"https:\\\/\\\/ringdoc.ro\\\/resurse-medicale\\\/febra-la-bebelusi\\\/\"},\"author\":{\"name\":\"marketing\",\"@id\":\"https:\\\/\\\/ringdoc.ro\\\/resurse-medicale\\\/#\\\/schema\\\/person\\\/5d8f0cfc57980220f3b7ac836892258c\"},\"headline\":\"Febra la bebelu\u0219i &#8211; tot ce trebuie s\u0103 \u0219tii\",\"datePublished\":\"2025-02-06T09:55:35+00:00\",\"dateModified\":\"2025-02-17T15:30:18+00:00\",\"mainEntityOfPage\":{\"@id\":\"https:\\\/\\\/ringdoc.ro\\\/resurse-medicale\\\/febra-la-bebelusi\\\/\"},\"wordCount\":960,\"publisher\":{\"@id\":\"https:\\\/\\\/ringdoc.ro\\\/resurse-medicale\\\/#organization\"},\"image\":{\"@id\":\"https:\\\/\\\/ringdoc.ro\\\/resurse-medicale\\\/febra-la-bebelusi\\\/#primaryimage\"},\"thumbnailUrl\":\"https:\\\/\\\/ringdoc.ro\\\/resurse-medicale\\\/wp-content\\\/uploads\\\/2025\\\/02\\\/febra-bebelusi-febra-la-bebelusi-pediatru-online-ringdoc.webp\",\"keywords\":[\"Bebelu\u0219i\",\"Febr\u0103\"],\"articleSection\":[\"Pediatrie\"],\"inLanguage\":\"en-US\"},{\"@type\":\"WebPage\",\"@id\":\"https:\\\/\\\/ringdoc.ro\\\/resurse-medicale\\\/febra-la-bebelusi\\\/\",\"url\":\"https:\\\/\\\/ringdoc.ro\\\/resurse-medicale\\\/febra-la-bebelusi\\\/\",\"name\":\"Febra la bebelu\u0219i - tot ce trebuie s\u0103 \u0219tii - Ringdoc - Resurse medicale\",\"isPartOf\":{\"@id\":\"https:\\\/\\\/ringdoc.ro\\\/resurse-medicale\\\/#website\"},\"primaryImageOfPage\":{\"@id\":\"https:\\\/\\\/ringdoc.ro\\\/resurse-medicale\\\/febra-la-bebelusi\\\/#primaryimage\"},\"image\":{\"@id\":\"https:\\\/\\\/ringdoc.ro\\\/resurse-medicale\\\/febra-la-bebelusi\\\/#primaryimage\"},\"thumbnailUrl\":\"https:\\\/\\\/ringdoc.ro\\\/resurse-medicale\\\/wp-content\\\/uploads\\\/2025\\\/02\\\/febra-bebelusi-febra-la-bebelusi-pediatru-online-ringdoc.webp\",\"datePublished\":\"2025-02-06T09:55:35+00:00\",\"dateModified\":\"2025-02-17T15:30:18+00:00\",\"description\":\"Descoper\u0103 cauzele \u0219i simptomele febrei la bebelu\u0219i \u0219i afl\u0103 c\u00e2nd este necesar s\u0103 consul\u021bi un medic pediatru pentru tratament adecvat\",\"breadcrumb\":{\"@id\":\"https:\\\/\\\/ringdoc.ro\\\/resurse-medicale\\\/febra-la-bebelusi\\\/#breadcrumb\"},\"inLanguage\":\"en-US\",\"potentialAction\":[{\"@type\":\"ReadAction\",\"target\":[\"https:\\\/\\\/ringdoc.ro\\\/resurse-medicale\\\/febra-la-bebelusi\\\/\"]}]},{\"@type\":\"ImageObject\",\"inLanguage\":\"en-US\",\"@id\":\"https:\\\/\\\/ringdoc.ro\\\/resurse-medicale\\\/febra-la-bebelusi\\\/#primaryimage\",\"url\":\"https:\\\/\\\/ringdoc.ro\\\/resurse-medicale\\\/wp-content\\\/uploads\\\/2025\\\/02\\\/febra-bebelusi-febra-la-bebelusi-pediatru-online-ringdoc.webp\",\"contentUrl\":\"https:\\\/\\\/ringdoc.ro\\\/resurse-medicale\\\/wp-content\\\/uploads\\\/2025\\\/02\\\/febra-bebelusi-febra-la-bebelusi-pediatru-online-ringdoc.webp\",\"width\":1000,\"height\":600,\"caption\":\"febra bebelusi, febra la bebelusi pediatru online ringdoc\"},{\"@type\":\"BreadcrumbList\",\"@id\":\"https:\\\/\\\/ringdoc.ro\\\/resurse-medicale\\\/febra-la-bebelusi\\\/#breadcrumb\",\"itemListElement\":[{\"@type\":\"ListItem\",\"position\":1,\"name\":\"Prima pagin\u0103\",\"item\":\"https:\\\/\\\/ringdoc.ro\\\/resurse-medicale\\\/\"},{\"@type\":\"ListItem\",\"position\":2,\"name\":\"Febra la bebelu\u0219i &#8211; tot ce trebuie s\u0103 \u0219tii\"}]},{\"@type\":\"WebSite\",\"@id\":\"https:\\\/\\\/ringdoc.ro\\\/resurse-medicale\\\/#website\",\"url\":\"https:\\\/\\\/ringdoc.ro\\\/resurse-medicale\\\/\",\"name\":\"Resurse medicale\",\"description\":\"Doctor \u0219i re\u021bet\u0103, online de oriunde\",\"publisher\":{\"@id\":\"https:\\\/\\\/ringdoc.ro\\\/resurse-medicale\\\/#organization\"},\"potentialAction\":[{\"@type\":\"SearchAction\",\"target\":{\"@type\":\"EntryPoint\",\"urlTemplate\":\"https:\\\/\\\/ringdoc.ro\\\/resurse-medicale\\\/?s={search_term_string}\"},\"query-input\":{\"@type\":\"PropertyValueSpecification\",\"valueRequired\":true,\"valueName\":\"search_term_string\"}}],\"inLanguage\":\"en-US\"},{\"@type\":\"Organization\",\"@id\":\"https:\\\/\\\/ringdoc.ro\\\/resurse-medicale\\\/#organization\",\"name\":\"Ringdoc\",\"url\":\"https:\\\/\\\/ringdoc.ro\\\/resurse-medicale\\\/\",\"logo\":{\"@type\":\"ImageObject\",\"inLanguage\":\"en-US\",\"@id\":\"https:\\\/\\\/ringdoc.ro\\\/resurse-medicale\\\/#\\\/schema\\\/logo\\\/image\\\/\",\"url\":\"https:\\\/\\\/ringdoc.ro\\\/resurse-medicale\\\/wp-content\\\/uploads\\\/2026\\\/03\\\/ringdoc-logo-blog.webp\",\"contentUrl\":\"https:\\\/\\\/ringdoc.ro\\\/resurse-medicale\\\/wp-content\\\/uploads\\\/2026\\\/03\\\/ringdoc-logo-blog.webp\",\"width\":1000,\"height\":250,\"caption\":\"Ringdoc\"},\"image\":{\"@id\":\"https:\\\/\\\/ringdoc.ro\\\/resurse-medicale\\\/#\\\/schema\\\/logo\\\/image\\\/\"},\"sameAs\":[\"https:\\\/\\\/www.facebook.com\\\/ringdocapp\",\"https:\\\/\\\/www.linkedin.com\\\/company\\\/ringdocapp\\\/\",\"https:\\\/\\\/www.instagram.com\\\/ringdocapp\\\/\"]},{\"@type\":\"Person\",\"@id\":\"https:\\\/\\\/ringdoc.ro\\\/resurse-medicale\\\/#\\\/schema\\\/person\\\/5d8f0cfc57980220f3b7ac836892258c\",\"name\":\"marketing\",\"sameAs\":[\"https:\\\/\\\/ringdoc.ro\\\/resurse-medicale\"]}]}<\/script>\n<!-- \/ Yoast SEO Premium plugin. -->","yoast_head_json":{"title":"Febra la bebelu\u0219i - tot ce trebuie s\u0103 \u0219tii - Ringdoc - Resurse medicale","description":"Descoper\u0103 cauzele \u0219i simptomele febrei la bebelu\u0219i \u0219i afl\u0103 c\u00e2nd este necesar s\u0103 consul\u021bi un medic pediatru pentru tratament adecvat","robots":{"index":"index","follow":"follow","max-snippet":"max-snippet:-1","max-image-preview":"max-image-preview:large","max-video-preview":"max-video-preview:-1"},"canonical":"https:\/\/ringdoc.ro\/resurse-medicale\/febra-la-bebelusi\/","og_locale":"en_US","og_type":"article","og_title":"Febra la bebelu\u0219i - tot ce trebuie s\u0103 \u0219tii","og_description":"Descoper\u0103 cauzele \u0219i simptomele febrei la bebelu\u0219i \u0219i afl\u0103 c\u00e2nd este necesar s\u0103 consul\u021bi un medic pediatru pentru tratament adecvat","og_url":"https:\/\/ringdoc.ro\/resurse-medicale\/febra-la-bebelusi\/","og_site_name":"Ringdoc - Resurse medicale","article_publisher":"https:\/\/www.facebook.com\/ringdocapp","article_published_time":"2025-02-06T09:55:35+00:00","article_modified_time":"2025-02-17T15:30:18+00:00","og_image":[{"width":1000,"height":600,"url":"https:\/\/ringdoc.ro\/resurse-medicale\/wp-content\/uploads\/2025\/02\/febra-bebelusi-febra-la-bebelusi-pediatru-online-ringdoc.webp","type":"image\/webp"}],"author":"marketing","schema":{"@context":"https:\/\/schema.org","@graph":[{"@type":"Article","@id":"https:\/\/ringdoc.ro\/resurse-medicale\/febra-la-bebelusi\/#article","isPartOf":{"@id":"https:\/\/ringdoc.ro\/resurse-medicale\/febra-la-bebelusi\/"},"author":{"name":"marketing","@id":"https:\/\/ringdoc.ro\/resurse-medicale\/#\/schema\/person\/5d8f0cfc57980220f3b7ac836892258c"},"headline":"Febra la bebelu\u0219i &#8211; tot ce trebuie s\u0103 \u0219tii","datePublished":"2025-02-06T09:55:35+00:00","dateModified":"2025-02-17T15:30:18+00:00","mainEntityOfPage":{"@id":"https:\/\/ringdoc.ro\/resurse-medicale\/febra-la-bebelusi\/"},"wordCount":960,"publisher":{"@id":"https:\/\/ringdoc.ro\/resurse-medicale\/#organization"},"image":{"@id":"https:\/\/ringdoc.ro\/resurse-medicale\/febra-la-bebelusi\/#primaryimage"},"thumbnailUrl":"https:\/\/ringdoc.ro\/resurse-medicale\/wp-content\/uploads\/2025\/02\/febra-bebelusi-febra-la-bebelusi-pediatru-online-ringdoc.webp","keywords":["Bebelu\u0219i","Febr\u0103"],"articleSection":["Pediatrie"],"inLanguage":"en-US"},{"@type":"WebPage","@id":"https:\/\/ringdoc.ro\/resurse-medicale\/febra-la-bebelusi\/","url":"https:\/\/ringdoc.ro\/resurse-medicale\/febra-la-bebelusi\/","name":"Febra la bebelu\u0219i - tot ce trebuie s\u0103 \u0219tii - Ringdoc - Resurse medicale","isPartOf":{"@id":"https:\/\/ringdoc.ro\/resurse-medicale\/#website"},"primaryImageOfPage":{"@id":"https:\/\/ringdoc.ro\/resurse-medicale\/febra-la-bebelusi\/#primaryimage"},"image":{"@id":"https:\/\/ringdoc.ro\/resurse-medicale\/febra-la-bebelusi\/#primaryimage"},"thumbnailUrl":"https:\/\/ringdoc.ro\/resurse-medicale\/wp-content\/uploads\/2025\/02\/febra-bebelusi-febra-la-bebelusi-pediatru-online-ringdoc.webp","datePublished":"2025-02-06T09:55:35+00:00","dateModified":"2025-02-17T15:30:18+00:00","description":"Descoper\u0103 cauzele \u0219i simptomele febrei la bebelu\u0219i \u0219i afl\u0103 c\u00e2nd este necesar s\u0103 consul\u021bi un medic pediatru pentru tratament adecvat","breadcrumb":{"@id":"https:\/\/ringdoc.ro\/resurse-medicale\/febra-la-bebelusi\/#breadcrumb"},"inLanguage":"en-US","potentialAction":[{"@type":"ReadAction","target":["https:\/\/ringdoc.ro\/resurse-medicale\/febra-la-bebelusi\/"]}]},{"@type":"ImageObject","inLanguage":"en-US","@id":"https:\/\/ringdoc.ro\/resurse-medicale\/febra-la-bebelusi\/#primaryimage","url":"https:\/\/ringdoc.ro\/resurse-medicale\/wp-content\/uploads\/2025\/02\/febra-bebelusi-febra-la-bebelusi-pediatru-online-ringdoc.webp","contentUrl":"https:\/\/ringdoc.ro\/resurse-medicale\/wp-content\/uploads\/2025\/02\/febra-bebelusi-febra-la-bebelusi-pediatru-online-ringdoc.webp","width":1000,"height":600,"caption":"febra bebelusi, febra la bebelusi pediatru online ringdoc"},{"@type":"BreadcrumbList","@id":"https:\/\/ringdoc.ro\/resurse-medicale\/febra-la-bebelusi\/#breadcrumb","itemListElement":[{"@type":"ListItem","position":1,"name":"Prima pagin\u0103","item":"https:\/\/ringdoc.ro\/resurse-medicale\/"},{"@type":"ListItem","position":2,"name":"Febra la bebelu\u0219i &#8211; tot ce trebuie s\u0103 \u0219tii"}]},{"@type":"WebSite","@id":"https:\/\/ringdoc.ro\/resurse-medicale\/#website","url":"https:\/\/ringdoc.ro\/resurse-medicale\/","name":"Resurse medicale","description":"Doctor \u0219i re\u021bet\u0103, online de oriunde","publisher":{"@id":"https:\/\/ringdoc.ro\/resurse-medicale\/#organization"},"potentialAction":[{"@type":"SearchAction","target":{"@type":"EntryPoint","urlTemplate":"https:\/\/ringdoc.ro\/resurse-medicale\/?s={search_term_string}"},"query-input":{"@type":"PropertyValueSpecification","valueRequired":true,"valueName":"search_term_string"}}],"inLanguage":"en-US"},{"@type":"Organization","@id":"https:\/\/ringdoc.ro\/resurse-medicale\/#organization","name":"Ringdoc","url":"https:\/\/ringdoc.ro\/resurse-medicale\/","logo":{"@type":"ImageObject","inLanguage":"en-US","@id":"https:\/\/ringdoc.ro\/resurse-medicale\/#\/schema\/logo\/image\/","url":"https:\/\/ringdoc.ro\/resurse-medicale\/wp-content\/uploads\/2026\/03\/ringdoc-logo-blog.webp","contentUrl":"https:\/\/ringdoc.ro\/resurse-medicale\/wp-content\/uploads\/2026\/03\/ringdoc-logo-blog.webp","width":1000,"height":250,"caption":"Ringdoc"},"image":{"@id":"https:\/\/ringdoc.ro\/resurse-medicale\/#\/schema\/logo\/image\/"},"sameAs":["https:\/\/www.facebook.com\/ringdocapp","https:\/\/www.linkedin.com\/company\/ringdocapp\/","https:\/\/www.instagram.com\/ringdocapp\/"]},{"@type":"Person","@id":"https:\/\/ringdoc.ro\/resurse-medicale\/#\/schema\/person\/5d8f0cfc57980220f3b7ac836892258c","name":"marketing","sameAs":["https:\/\/ringdoc.ro\/resurse-medicale"]}]}},"_links":{"self":[{"href":"https:\/\/ringdoc.ro\/resurse-medicale\/wp-json\/wp\/v2\/posts\/4352","targetHints":{"allow":["GET"]}}],"collection":[{"href":"https:\/\/ringdoc.ro\/resurse-medicale\/wp-json\/wp\/v2\/posts"}],"about":[{"href":"https:\/\/ringdoc.ro\/resurse-medicale\/wp-json\/wp\/v2\/types\/post"}],"author":[{"embeddable":true,"href":"https:\/\/ringdoc.ro\/resurse-medicale\/wp-json\/wp\/v2\/users\/1"}],"replies":[{"embeddable":true,"href":"https:\/\/ringdoc.ro\/resurse-medicale\/wp-json\/wp\/v2\/comments?post=4352"}],"version-history":[{"count":14,"href":"https:\/\/ringdoc.ro\/resurse-medicale\/wp-json\/wp\/v2\/posts\/4352\/revisions"}],"predecessor-version":[{"id":4370,"href":"https:\/\/ringdoc.ro\/resurse-medicale\/wp-json\/wp\/v2\/posts\/4352\/revisions\/4370"}],"wp:featuredmedia":[{"embeddable":true,"href":"https:\/\/ringdoc.ro\/resurse-medicale\/wp-json\/wp\/v2\/media\/4523"}],"wp:attachment":[{"href":"https:\/\/ringdoc.ro\/resurse-medicale\/wp-json\/wp\/v2\/media?parent=4352"}],"wp:term":[{"taxonomy":"category","embeddable":true,"href":"https:\/\/ringdoc.ro\/resurse-medicale\/wp-json\/wp\/v2\/categories?post=4352"},{"taxonomy":"post_tag","embeddable":true,"href":"https:\/\/ringdoc.ro\/resurse-medicale\/wp-json\/wp\/v2\/tags?post=4352"}],"curies":[{"name":"wp","href":"https:\/\/api.w.org\/{rel}","templated":true}]}}