{"id":4991,"date":"2025-05-05T18:30:00","date_gmt":"2025-05-05T15:30:00","guid":{"rendered":"https:\/\/ringdoc.ro\/resurse-medicale\/?p=4991"},"modified":"2025-05-05T17:49:48","modified_gmt":"2025-05-05T14:49:48","slug":"astmul-primavara-de-ce-simptomele-se-agraveaza-si-ce-poti-face","status":"publish","type":"post","link":"https:\/\/ringdoc.ro\/resurse-medicale\/astmul-primavara-de-ce-simptomele-se-agraveaza-si-ce-poti-face\/","title":{"rendered":"Astmul prim\u0103vara: De ce simptomele se agraveaz\u0103 \u0219i ce po\u021bi face?"},"content":{"rendered":"\t\t<div data-elementor-type=\"wp-post\" data-elementor-id=\"4991\" class=\"elementor elementor-4991\" data-elementor-post-type=\"post\">\n\t\t\t\t<div class=\"elementor-element elementor-element-287cac61 e-flex e-con-boxed e-con e-parent\" data-id=\"287cac61\" data-element_type=\"container\" data-e-type=\"container\">\n\t\t\t\t\t<div class=\"e-con-inner\">\n\t\t\t\t<div class=\"elementor-element elementor-element-bda217d elementor-widget elementor-widget-text-editor\" data-id=\"bda217d\" data-element_type=\"widget\" data-e-type=\"widget\" data-widget_type=\"text-editor.default\">\n\t\t\t\t<div class=\"elementor-widget-container\">\n\t\t\t\t\t\t\t\t\t<p class=\"\" data-start=\"384\" data-end=\"726\">Prim\u0103vara este anotimpul rena\u0219terii, al verde\u021bii \u0219i al ie\u0219irilor \u00een natur\u0103. \u00cens\u0103, pentru milioane de persoane care tr\u0103iesc cu astm bron\u0219ic, acest sezon poate \u00eensemna o perioad\u0103 de provoc\u0103ri majore. Aerul mai cald, \u00eenflorirea plantelor \u0219i prezen\u021ba polenului creeaz\u0103 o combina\u021bie periculoas\u0103 pentru sistemul respirator al persoanelor sensibile.<\/p><p class=\"\" data-start=\"728\" data-end=\"918\">\u00cen acest articol explic\u0103m <strong data-start=\"758\" data-end=\"811\">de ce simptomele astmului se pot agrava prim\u0103vara<\/strong>, cum \u00ee\u021bi po\u021bi ajusta rutina zilnic\u0103 \u0219i tratamentul, \u0219i c\u00e2nd este momentul s\u0103 consul\u021bi un medic specialist.<\/p>\t\t\t\t\t\t\t\t<\/div>\n\t\t\t\t<\/div>\n\t\t\t\t<div class=\"elementor-element elementor-element-f60332c elementor-widget elementor-widget-heading\" data-id=\"f60332c\" data-element_type=\"widget\" data-e-type=\"widget\" data-widget_type=\"heading.default\">\n\t\t\t\t<div class=\"elementor-widget-container\">\n\t\t\t\t\t<h2 class=\"elementor-heading-title elementor-size-default\">Ce este astmul \u0219i cum se manifest\u0103?<\/h2>\t\t\t\t<\/div>\n\t\t\t\t<\/div>\n\t\t\t\t<div class=\"elementor-element elementor-element-9d73c15 elementor-widget elementor-widget-text-editor\" data-id=\"9d73c15\" data-element_type=\"widget\" data-e-type=\"widget\" data-widget_type=\"text-editor.default\">\n\t\t\t\t<div class=\"elementor-widget-container\">\n\t\t\t\t\t\t\t\t\t<p class=\"\" data-start=\"965\" data-end=\"1056\">Astmul bron\u0219ic este o boal\u0103 cronic\u0103 inflamatorie a c\u0103ilor respiratorii, caracterizat\u0103 prin:<\/p><ul data-start=\"1058\" data-end=\"1249\"><li class=\"\" data-start=\"1058\" data-end=\"1096\"><p class=\"\" data-start=\"1060\" data-end=\"1096\">Episoade recurente de <strong data-start=\"1082\" data-end=\"1096\">tuse seac\u0103<\/strong><\/p><\/li><li class=\"\" data-start=\"1097\" data-end=\"1136\"><p class=\"\" data-start=\"1099\" data-end=\"1136\"><strong data-start=\"1099\" data-end=\"1125\">Respira\u021bie \u0219uier\u0103toare<\/strong> (wheezing)<\/p><\/li><li class=\"\" data-start=\"1137\" data-end=\"1173\"><p class=\"\" data-start=\"1139\" data-end=\"1173\"><strong data-start=\"1139\" data-end=\"1150\">Dispnee<\/strong> (senza\u021bie de sufocare)<\/p><\/li><li class=\"\" data-start=\"1174\" data-end=\"1249\"><p class=\"\" data-start=\"1176\" data-end=\"1249\"><strong data-start=\"1176\" data-end=\"1208\">Senza\u021bie de ap\u0103sare toracic\u0103<\/strong>, mai ales \u00een timpul nop\u021bii sau diminea\u021ba<\/p><\/li><\/ul><p class=\"\" data-start=\"1251\" data-end=\"1489\">\u00cen cazul persoanelor cu astm, c\u0103ile respiratorii sunt <strong data-start=\"1305\" data-end=\"1323\">hipersensibile<\/strong> \u0219i reac\u021bioneaz\u0103 exagerat la anumi\u021bi factori de mediu, printre care se num\u0103r\u0103 <strong data-start=\"1401\" data-end=\"1459\">alergenii, infec\u021biile respiratorii, exerci\u021biile fizice<\/strong> \u0219i <strong data-start=\"1463\" data-end=\"1488\">schimb\u0103rile climatice.<\/strong><\/p>\t\t\t\t\t\t\t\t<\/div>\n\t\t\t\t<\/div>\n\t\t\t\t<div class=\"elementor-element elementor-element-a24c27a elementor-widget elementor-widget-heading\" data-id=\"a24c27a\" data-element_type=\"widget\" data-e-type=\"widget\" data-widget_type=\"heading.default\">\n\t\t\t\t<div class=\"elementor-widget-container\">\n\t\t\t\t\t<h2 class=\"elementor-heading-title elementor-size-default\">De ce se agraveaz\u0103 astmul prim\u0103vara?<\/h2>\t\t\t\t<\/div>\n\t\t\t\t<\/div>\n\t\t\t\t<div class=\"elementor-element elementor-element-3ebc323 elementor-widget elementor-widget-text-editor\" data-id=\"3ebc323\" data-element_type=\"widget\" data-e-type=\"widget\" data-widget_type=\"text-editor.default\">\n\t\t\t\t<div class=\"elementor-widget-container\">\n\t\t\t\t\t\t\t\t\t<p class=\"\" data-start=\"1537\" data-end=\"1740\">Prim\u0103vara aduce cu ea o explozie de alergeni \u00een atmosfer\u0103, iar pentru astmatici acest lucru poate \u00eensemna o <strong data-start=\"1645\" data-end=\"1688\">inflama\u021bie crescut\u0103 a mucoasei bron\u0219ice<\/strong>, ceea ce duce la simptome mai intense \u0219i frecvente.<\/p>\t\t\t\t\t\t\t\t<\/div>\n\t\t\t\t<\/div>\n\t\t\t\t<div class=\"elementor-element elementor-element-75e47cd elementor-widget elementor-widget-heading\" data-id=\"75e47cd\" data-element_type=\"widget\" data-e-type=\"widget\" data-widget_type=\"heading.default\">\n\t\t\t\t<div class=\"elementor-widget-container\">\n\t\t\t\t\t<h4 class=\"elementor-heading-title elementor-size-default\">Principalii factori agravan\u021bi de sezon:<\/h4>\t\t\t\t<\/div>\n\t\t\t\t<\/div>\n\t\t\t\t<div class=\"elementor-element elementor-element-f62700d elementor-widget elementor-widget-text-editor\" data-id=\"f62700d\" data-element_type=\"widget\" data-e-type=\"widget\" data-widget_type=\"text-editor.default\">\n\t\t\t\t<div class=\"elementor-widget-container\">\n\t\t\t\t\t\t\t\t\t<ol data-start=\"1787\" data-end=\"2570\"><li class=\"\" data-start=\"1787\" data-end=\"1986\"><p class=\"\" data-start=\"1790\" data-end=\"1986\"><strong data-start=\"1790\" data-end=\"1801\">Polenul<\/strong> \u2013 Arborii precum mesteac\u0103nul, plopul, salcia, arinul \u0219i fagul elibereaz\u0103 cantit\u0103\u021bi mari de polen microscopic, care se r\u0103sp\u00e2nde\u0219te rapid \u00een atmosfer\u0103 \u0219i poate declan\u0219a reac\u021bii alergice.<\/p><\/li><li class=\"\" data-start=\"1987\" data-end=\"2151\"><p class=\"\" data-start=\"1990\" data-end=\"2151\"><strong data-start=\"1990\" data-end=\"2015\">Alergiile \u00eencruci\u0219ate<\/strong> \u2013 Alergia la polen poate fi \u00eenso\u021bit\u0103 \u0219i de sensibilitate la anumite alimente (mere, morcovi, \u021belin\u0103), amplific\u00e2nd inflama\u021bia sistemic\u0103.<\/p><\/li><li class=\"\" data-start=\"2152\" data-end=\"2304\"><p class=\"\" data-start=\"2155\" data-end=\"2304\"><strong data-start=\"2155\" data-end=\"2186\">Praful \u0219i sporii de mucegai<\/strong> \u2013 Umiditatea crescut\u0103 din lunile de prim\u0103var\u0103 favorizeaz\u0103 apari\u021bia mucegaiului, un alt factor iritant pentru pl\u0103m\u00e2ni.<\/p><\/li><li class=\"\" data-start=\"2305\" data-end=\"2439\"><p class=\"\" data-start=\"2308\" data-end=\"2439\"><strong data-start=\"2308\" data-end=\"2357\">Varia\u021biile bru\u0219te de temperatur\u0103 \u0219i umiditate<\/strong> \u2013 Aceste schimb\u0103ri pot provoca constric\u021bia c\u0103ilor respiratorii, declan\u0219\u00e2nd crize.<\/p><\/li><li class=\"\" data-start=\"2440\" data-end=\"2570\"><p class=\"\" data-start=\"2443\" data-end=\"2570\"><strong data-start=\"2443\" data-end=\"2472\">Activit\u0103\u021bile \u00een aer liber<\/strong> \u2013 Drume\u021biile, alergatul, gr\u0103din\u0103ritul sau expunerea la polen \u00een zone verzi pot agrava simptomele.<\/p><\/li><\/ol>\t\t\t\t\t\t\t\t<\/div>\n\t\t\t\t<\/div>\n\t\t\t\t<div class=\"elementor-element elementor-element-ba8d3de elementor-widget elementor-widget-heading\" data-id=\"ba8d3de\" data-element_type=\"widget\" data-e-type=\"widget\" data-widget_type=\"heading.default\">\n\t\t\t\t<div class=\"elementor-widget-container\">\n\t\t\t\t\t<h2 class=\"elementor-heading-title elementor-size-default\">Cum recuno\u0219ti agravarea astmului?<\/h2>\t\t\t\t<\/div>\n\t\t\t\t<\/div>\n\t\t\t\t<div class=\"elementor-element elementor-element-e2ae7f3 elementor-widget elementor-widget-text-editor\" data-id=\"e2ae7f3\" data-element_type=\"widget\" data-e-type=\"widget\" data-widget_type=\"text-editor.default\">\n\t\t\t\t<div class=\"elementor-widget-container\">\n\t\t\t\t\t\t\t\t\t<p class=\"\" data-start=\"2615\" data-end=\"2768\">Un semnal de alarm\u0103 c\u0103 astmul t\u0103u nu este bine controlat prim\u0103vara este <strong data-start=\"2687\" data-end=\"2740\">cre\u0219terea frecven\u021bei sau intensit\u0103\u021bii simptomelor<\/strong>. Iat\u0103 c\u00e2teva indicii clare:<\/p><ul data-start=\"2770\" data-end=\"3044\"><li class=\"\" data-start=\"2770\" data-end=\"2822\"><p class=\"\" data-start=\"2772\" data-end=\"2822\">Ai <strong data-start=\"2775\" data-end=\"2795\">tuse persistent\u0103<\/strong>, chiar \u0219i f\u0103r\u0103 efort fizic<\/p><\/li><li class=\"\" data-start=\"2823\" data-end=\"2874\"><p class=\"\" data-start=\"2825\" data-end=\"2874\">Te treze\u0219ti noaptea din cauza <strong data-start=\"2855\" data-end=\"2874\">lipselor de aer<\/strong><\/p><\/li><li class=\"\" data-start=\"2875\" data-end=\"2962\"><p class=\"\" data-start=\"2877\" data-end=\"2962\">Inhalatorul de salvare nu mai este suficient sau \u00eel folose\u0219ti mai des dec\u00e2t de obicei<\/p><\/li><li class=\"\" data-start=\"2963\" data-end=\"3044\"><p class=\"\" data-start=\"2965\" data-end=\"3044\">Efortul fizic moderat (ex. urcatul sc\u0103rilor) \u00ee\u021bi provoac\u0103 disconfort respirator<\/p><\/li><\/ul>\t\t\t\t\t\t\t\t<\/div>\n\t\t\t\t<\/div>\n\t\t\t\t<div class=\"elementor-element elementor-element-8823871 elementor-widget elementor-widget-heading\" data-id=\"8823871\" data-element_type=\"widget\" data-e-type=\"widget\" data-widget_type=\"heading.default\">\n\t\t\t\t<div class=\"elementor-widget-container\">\n\t\t\t\t\t<h2 class=\"elementor-heading-title elementor-size-default\">Sfaturi practice pentru gestionarea astmului prim\u0103vara<\/h2>\t\t\t\t<\/div>\n\t\t\t\t<\/div>\n\t\t\t\t<div class=\"elementor-element elementor-element-139f10e9 elementor-widget elementor-widget-text-editor\" data-id=\"139f10e9\" data-element_type=\"widget\" data-e-type=\"widget\" data-widget_type=\"text-editor.default\">\n\t\t\t\t<div class=\"elementor-widget-container\">\n\t\t\t\t\t\t\t\t\t<p class=\"\" data-start=\"3110\" data-end=\"3249\">Controlul astmului prim\u0103vara presupune <strong data-start=\"3149\" data-end=\"3192\">preven\u021bie activ\u0103 \u0219i monitorizare atent\u0103<\/strong>. Iat\u0103 c\u00e2teva recomand\u0103ri utile, validate de speciali\u0219ti:<\/p>\t\t\t\t\t\t\t\t<\/div>\n\t\t\t\t<\/div>\n\t\t\t\t<div class=\"elementor-element elementor-element-e45c95d elementor-widget elementor-widget-heading\" data-id=\"e45c95d\" data-element_type=\"widget\" data-e-type=\"widget\" data-widget_type=\"heading.default\">\n\t\t\t\t<div class=\"elementor-widget-container\">\n\t\t\t\t\t<h4 class=\"elementor-heading-title elementor-size-default\">Monitorizeaz\u0103 nivelul de polen<\/h4>\t\t\t\t<\/div>\n\t\t\t\t<\/div>\n\t\t\t\t<div class=\"elementor-element elementor-element-7c434e8 elementor-widget elementor-widget-text-editor\" data-id=\"7c434e8\" data-element_type=\"widget\" data-e-type=\"widget\" data-widget_type=\"text-editor.default\">\n\t\t\t\t<div class=\"elementor-widget-container\">\n\t\t\t\t\t\t\t\t\t<p class=\"\" data-start=\"3289\" data-end=\"3458\">Folose\u0219te aplica\u021bii sau site-uri care ofer\u0103 informa\u021bii \u00een timp real despre concentra\u021bia de polen \u00een aer. Evit\u0103 ie\u0219irile diminea\u021ba devreme sau \u00een zilele cu v\u00e2nt puternic.<\/p>\t\t\t\t\t\t\t\t<\/div>\n\t\t\t\t<\/div>\n\t\t\t\t<div class=\"elementor-element elementor-element-2082d70 elementor-widget elementor-widget-heading\" data-id=\"2082d70\" data-element_type=\"widget\" data-e-type=\"widget\" data-widget_type=\"heading.default\">\n\t\t\t\t<div class=\"elementor-widget-container\">\n\t\t\t\t\t<h4 class=\"elementor-heading-title elementor-size-default\">Adopt\u0103 o igien\u0103 respiratorie riguroas\u0103<\/h4>\t\t\t\t<\/div>\n\t\t\t\t<\/div>\n\t\t\t\t<div class=\"elementor-element elementor-element-77109d3 elementor-widget elementor-widget-text-editor\" data-id=\"77109d3\" data-element_type=\"widget\" data-e-type=\"widget\" data-widget_type=\"text-editor.default\">\n\t\t\t\t<div class=\"elementor-widget-container\">\n\t\t\t\t\t\t\t\t\t<ul><li class=\"\" data-start=\"3506\" data-end=\"3563\"><p class=\"\" data-start=\"3508\" data-end=\"3563\">Spal\u0103-\u021bi fa\u021ba \u0219i ochii cu ap\u0103 rece dup\u0103 ce vii de afar\u0103<\/p><\/li><li class=\"\" data-start=\"3564\" data-end=\"3616\"><p class=\"\" data-start=\"3566\" data-end=\"3616\">F\u0103 un du\u0219 seara \u0219i schimb\u0103 hainele expuse la polen<\/p><\/li><li class=\"\" data-start=\"3617\" data-end=\"3678\"><p class=\"\" data-start=\"3619\" data-end=\"3678\">Aerise\u0219te casa la orele pr\u00e2nzului (c\u00e2nd polenul este minim)<\/p><\/li><\/ul>\t\t\t\t\t\t\t\t<\/div>\n\t\t\t\t<\/div>\n\t\t\t\t<div class=\"elementor-element elementor-element-36b377f elementor-widget elementor-widget-heading\" data-id=\"36b377f\" data-element_type=\"widget\" data-e-type=\"widget\" data-widget_type=\"heading.default\">\n\t\t\t\t<div class=\"elementor-widget-container\">\n\t\t\t\t\t<h4 class=\"elementor-heading-title elementor-size-default\">Limiteaz\u0103 expunerea \u00een zilele de risc<\/h4>\t\t\t\t<\/div>\n\t\t\t\t<\/div>\n\t\t\t\t<div class=\"elementor-element elementor-element-a928945 elementor-widget elementor-widget-text-editor\" data-id=\"a928945\" data-element_type=\"widget\" data-e-type=\"widget\" data-widget_type=\"text-editor.default\">\n\t\t\t\t<div class=\"elementor-widget-container\">\n\t\t\t\t\t\t\t\t\t<p class=\"\" data-start=\"3725\" data-end=\"3868\">Redu activit\u0103\u021bile \u00een aer liber atunci c\u00e2nd nivelul de polen este ridicat. Dac\u0103 trebuie s\u0103 ie\u0219i, poart\u0103 ochelari de soare \u0219i masc\u0103 de protec\u021bie.<\/p>\t\t\t\t\t\t\t\t<\/div>\n\t\t\t\t<\/div>\n\t\t\t\t<div class=\"elementor-element elementor-element-8f34f02 elementor-widget elementor-widget-heading\" data-id=\"8f34f02\" data-element_type=\"widget\" data-e-type=\"widget\" data-widget_type=\"heading.default\">\n\t\t\t\t<div class=\"elementor-widget-container\">\n\t\t\t\t\t<h4 class=\"elementor-heading-title elementor-size-default\">Cur\u0103\u021b\u0103 locuin\u021ba frecvent<\/h4>\t\t\t\t<\/div>\n\t\t\t\t<\/div>\n\t\t\t\t<div class=\"elementor-element elementor-element-0c9d869 elementor-widget elementor-widget-text-editor\" data-id=\"0c9d869\" data-element_type=\"widget\" data-e-type=\"widget\" data-widget_type=\"text-editor.default\">\n\t\t\t\t<div class=\"elementor-widget-container\">\n\t\t\t\t\t\t\t\t\t<p class=\"\" data-start=\"3902\" data-end=\"3991\">Folose\u0219te un aspirator cu filtru HEPA \u0219i evit\u0103 acumularea prafului, mai ales \u00een dormitor.<\/p>\t\t\t\t\t\t\t\t<\/div>\n\t\t\t\t<\/div>\n\t\t\t\t<div class=\"elementor-element elementor-element-7ef1ffb elementor-widget elementor-widget-heading\" data-id=\"7ef1ffb\" data-element_type=\"widget\" data-e-type=\"widget\" data-widget_type=\"heading.default\">\n\t\t\t\t<div class=\"elementor-widget-container\">\n\t\t\t\t\t<h2 class=\"elementor-heading-title elementor-size-default\">Op\u021biuni moderne de tratament pentru astm alergic<\/h2>\t\t\t\t<\/div>\n\t\t\t\t<\/div>\n\t\t\t\t<div class=\"elementor-element elementor-element-54d09d7 elementor-widget elementor-widget-text-editor\" data-id=\"54d09d7\" data-element_type=\"widget\" data-e-type=\"widget\" data-widget_type=\"text-editor.default\">\n\t\t\t\t<div class=\"elementor-widget-container\">\n\t\t\t\t\t\t\t\t\t<p class=\"\" data-start=\"4283\" data-end=\"4375\">Pe l\u00e2ng\u0103 medica\u021bia clasic\u0103, exist\u0103 \u0219i terapii avansate care pot ajuta la controlul astmului:<\/p><ul data-start=\"4377\" data-end=\"4764\"><li class=\"\" data-start=\"4377\" data-end=\"4494\"><p class=\"\" data-start=\"4379\" data-end=\"4494\"><strong data-start=\"4379\" data-end=\"4413\">Imunoterapia alergen-specific\u0103<\/strong> (vaccinurile antialergice) \u2013 ajut\u0103 la reducerea sensibilit\u0103\u021bii la polen, \u00een timp<\/p><\/li><li class=\"\" data-start=\"4495\" data-end=\"4652\"><p class=\"\" data-start=\"4497\" data-end=\"4652\"><strong data-start=\"4497\" data-end=\"4512\">Biologicele<\/strong> \u2013 medicamente injectabile pentru astm sever (omalizumab, mepolizumab etc.), prescrise doar \u00een cazurile rezistente la tratament conven\u021bional<\/p><\/li><li class=\"\" data-start=\"4653\" data-end=\"4764\"><p class=\"\" data-start=\"4655\" data-end=\"4764\"><strong data-start=\"4655\" data-end=\"4680\">Monitorizare digital\u0103<\/strong> \u2013 aplica\u021bii mobile \u0219i spirometre portabile care pot urm\u0103ri func\u021bia pulmonar\u0103 zilnic<\/p><\/li><\/ul><p class=\"\" data-start=\"4766\" data-end=\"4870\">Consult\u0103 un medic pneumolog sau alergolog pentru a vedea dac\u0103 aceste op\u021biuni sunt potrivite pentru tine.<\/p>\t\t\t\t\t\t\t\t<\/div>\n\t\t\t\t<\/div>\n\t\t\t\t<div class=\"elementor-element elementor-element-df67d1a elementor-widget elementor-widget-heading\" data-id=\"df67d1a\" data-element_type=\"widget\" data-e-type=\"widget\" data-widget_type=\"heading.default\">\n\t\t\t\t<div class=\"elementor-widget-container\">\n\t\t\t\t\t<h2 class=\"elementor-heading-title elementor-size-default\">C\u00e2nd este momentul s\u0103 consul\u021bi un medic?<\/h2>\t\t\t\t<\/div>\n\t\t\t\t<\/div>\n\t\t\t\t<div class=\"elementor-element elementor-element-1352d09 elementor-widget elementor-widget-text-editor\" data-id=\"1352d09\" data-element_type=\"widget\" data-e-type=\"widget\" data-widget_type=\"text-editor.default\">\n\t\t\t\t<div class=\"elementor-widget-container\">\n\t\t\t\t\t\t\t\t\t<p class=\"\" data-start=\"4922\" data-end=\"5028\">Nu a\u0219tepta apari\u021bia unei crize severe. Dac\u0103 observi oricare din urm\u0103toarele semne, programeaz\u0103 un consult:<\/p><ul data-start=\"5030\" data-end=\"5272\"><li class=\"\" data-start=\"5030\" data-end=\"5103\"><p class=\"\" data-start=\"5032\" data-end=\"5103\">Folose\u0219ti frecvent inhalatorul de urgen\u021b\u0103 (mai mult de 2 ori\/s\u0103pt\u0103m\u00e2n\u0103)<\/p><\/li><li class=\"\" data-start=\"5104\" data-end=\"5162\"><p class=\"\" data-start=\"5106\" data-end=\"5162\">Ai avut nevoie de corticosteroizi orali \u00een ultimele luni<\/p><\/li><li class=\"\" data-start=\"5163\" data-end=\"5218\"><p class=\"\" data-start=\"5165\" data-end=\"5218\">Simptomele \u00ee\u021bi afecteaz\u0103 somnul sau via\u021ba de zi cu zi<\/p><\/li><li class=\"\" data-start=\"5219\" data-end=\"5272\"><p class=\"\" data-start=\"5221\" data-end=\"5272\">Ai suferit o spitalizare recent\u0103 din cauza astmului<\/p><\/li><\/ul><p>Nu l\u0103sa astmul s\u0103 \u00ee\u021bi controleze via\u021ba. Pe <strong data-start=\"2462\" data-end=\"2498\"><a class=\"\" href=\"https:\/\/ringdoc.ro\" target=\"_new\" rel=\"noopener\" data-start=\"2464\" data-end=\"2496\">ringdoc.ro<\/a><\/strong> po\u021bi discuta online cu un <span data-start=\"2525\" data-end=\"2558\">medic<\/span><a href=\"https:\/\/ringdoc.ro\/patient\/medicList\/pneumologie\"><strong data-start=\"2525\" data-end=\"2558\"> pneumolog <\/strong><\/a><span data-start=\"2525\" data-end=\"2558\">sau<\/span><a href=\"https:\/\/ringdoc.ro\/patient\/medicList\/alergologie\"><strong data-start=\"2525\" data-end=\"2558\"> alergolog<\/strong><\/a>, prime\u0219ti re\u021bete mediale electronice, recomand\u0103ri \u0219i planuri de tratament personalizate \u2013 rapid \u0219i \u00een siguran\u021b\u0103.<\/p>\t\t\t\t\t\t\t\t<\/div>\n\t\t\t\t<\/div>\n\t\t\t\t\t<\/div>\n\t\t\t\t<\/div>\n\t\t\t\t<\/div>\n\t\t","protected":false},"excerpt":{"rendered":"<p>Prim\u0103vara este anotimpul rena\u0219terii, al verde\u021bii \u0219i al ie\u0219irilor \u00een natur\u0103. \u00cens\u0103, pentru milioane de persoane care tr\u0103iesc cu astm bron\u0219ic, acest sezon poate \u00eensemna o perioad\u0103 de provoc\u0103ri majore. Aerul mai cald, \u00eenflorirea plantelor \u0219i prezen\u021ba polenului creeaz\u0103 o combina\u021bie periculoas\u0103 pentru sistemul respirator al persoanelor sensibile. \u00cen acest articol explic\u0103m de ce simptomele [&hellip;]<\/p>\n","protected":false},"author":4,"featured_media":4998,"comment_status":"closed","ping_status":"closed","sticky":false,"template":"","format":"standard","meta":{"footnotes":""},"categories":[106],"tags":[162,163],"class_list":["post-4991","post","type-post","status-publish","format-standard","has-post-thumbnail","hentry","category-pneumologie","tag-astm","tag-astm-bronsic"],"yoast_head":"<!-- This site is optimized with the Yoast SEO Premium plugin v27.4 (Yoast SEO v27.4) - https:\/\/yoast.com\/product\/yoast-seo-premium-wordpress\/ -->\n<title>Astmul prim\u0103vara: De ce simptomele se agraveaz\u0103 \u0219i ce po\u021bi face? - Ringdoc - Resurse medicale<\/title>\n<meta name=\"robots\" content=\"index, follow, max-snippet:-1, max-image-preview:large, max-video-preview:-1\" \/>\n<link rel=\"canonical\" href=\"https:\/\/ringdoc.ro\/resurse-medicale\/astmul-primavara-de-ce-simptomele-se-agraveaza-si-ce-poti-face\/\" \/>\n<meta property=\"og:locale\" content=\"en_US\" \/>\n<meta property=\"og:type\" content=\"article\" \/>\n<meta property=\"og:title\" content=\"Astmul prim\u0103vara: De ce simptomele se agraveaz\u0103 \u0219i ce po\u021bi face?\" \/>\n<meta property=\"og:description\" content=\"Prim\u0103vara este anotimpul rena\u0219terii, al verde\u021bii \u0219i al ie\u0219irilor \u00een natur\u0103. \u00cens\u0103, pentru milioane de persoane care tr\u0103iesc cu astm bron\u0219ic, acest sezon poate \u00eensemna o perioad\u0103 de provoc\u0103ri majore. Aerul mai cald, \u00eenflorirea plantelor \u0219i prezen\u021ba polenului creeaz\u0103 o combina\u021bie periculoas\u0103 pentru sistemul respirator al persoanelor sensibile. \u00cen acest articol explic\u0103m de ce simptomele [&hellip;]\" \/>\n<meta property=\"og:url\" content=\"https:\/\/ringdoc.ro\/resurse-medicale\/astmul-primavara-de-ce-simptomele-se-agraveaza-si-ce-poti-face\/\" \/>\n<meta property=\"og:site_name\" content=\"Ringdoc - Resurse medicale\" \/>\n<meta property=\"article:publisher\" content=\"https:\/\/www.facebook.com\/ringdocapp\" \/>\n<meta property=\"article:published_time\" content=\"2025-05-05T15:30:00+00:00\" \/>\n<meta property=\"og:image\" content=\"https:\/\/ringdoc.ro\/resurse-medicale\/wp-content\/uploads\/2025\/05\/astmul-primavara-de-ce-simptomele-se-agraveaza-si-ce-poti-face.webp\" \/>\n\t<meta property=\"og:image:width\" content=\"1000\" \/>\n\t<meta property=\"og:image:height\" content=\"600\" \/>\n\t<meta property=\"og:image:type\" content=\"image\/webp\" \/>\n<meta name=\"author\" content=\"Alexandru Andrei\" \/>\n<script type=\"application\/ld+json\" class=\"yoast-schema-graph\">{\"@context\":\"https:\\\/\\\/schema.org\",\"@graph\":[{\"@type\":\"Article\",\"@id\":\"https:\\\/\\\/ringdoc.ro\\\/resurse-medicale\\\/astmul-primavara-de-ce-simptomele-se-agraveaza-si-ce-poti-face\\\/#article\",\"isPartOf\":{\"@id\":\"https:\\\/\\\/ringdoc.ro\\\/resurse-medicale\\\/astmul-primavara-de-ce-simptomele-se-agraveaza-si-ce-poti-face\\\/\"},\"author\":{\"name\":\"Alexandru Andrei\",\"@id\":\"https:\\\/\\\/ringdoc.ro\\\/resurse-medicale\\\/#\\\/schema\\\/person\\\/53cd2ac6fdb265e74fceb1f668253984\"},\"headline\":\"Astmul prim\u0103vara: De ce simptomele se agraveaz\u0103 \u0219i ce po\u021bi face?\",\"datePublished\":\"2025-05-05T15:30:00+00:00\",\"mainEntityOfPage\":{\"@id\":\"https:\\\/\\\/ringdoc.ro\\\/resurse-medicale\\\/astmul-primavara-de-ce-simptomele-se-agraveaza-si-ce-poti-face\\\/\"},\"wordCount\":797,\"publisher\":{\"@id\":\"https:\\\/\\\/ringdoc.ro\\\/resurse-medicale\\\/#organization\"},\"image\":{\"@id\":\"https:\\\/\\\/ringdoc.ro\\\/resurse-medicale\\\/astmul-primavara-de-ce-simptomele-se-agraveaza-si-ce-poti-face\\\/#primaryimage\"},\"thumbnailUrl\":\"https:\\\/\\\/ringdoc.ro\\\/resurse-medicale\\\/wp-content\\\/uploads\\\/2025\\\/05\\\/astmul-primavara-de-ce-simptomele-se-agraveaza-si-ce-poti-face.webp\",\"keywords\":[\"Astm\",\"Astm bron\u0219ic\"],\"articleSection\":[\"Pneumologie\"],\"inLanguage\":\"en-US\"},{\"@type\":\"WebPage\",\"@id\":\"https:\\\/\\\/ringdoc.ro\\\/resurse-medicale\\\/astmul-primavara-de-ce-simptomele-se-agraveaza-si-ce-poti-face\\\/\",\"url\":\"https:\\\/\\\/ringdoc.ro\\\/resurse-medicale\\\/astmul-primavara-de-ce-simptomele-se-agraveaza-si-ce-poti-face\\\/\",\"name\":\"Astmul prim\u0103vara: De ce simptomele se agraveaz\u0103 \u0219i ce po\u021bi face? - Ringdoc - Resurse medicale\",\"isPartOf\":{\"@id\":\"https:\\\/\\\/ringdoc.ro\\\/resurse-medicale\\\/#website\"},\"primaryImageOfPage\":{\"@id\":\"https:\\\/\\\/ringdoc.ro\\\/resurse-medicale\\\/astmul-primavara-de-ce-simptomele-se-agraveaza-si-ce-poti-face\\\/#primaryimage\"},\"image\":{\"@id\":\"https:\\\/\\\/ringdoc.ro\\\/resurse-medicale\\\/astmul-primavara-de-ce-simptomele-se-agraveaza-si-ce-poti-face\\\/#primaryimage\"},\"thumbnailUrl\":\"https:\\\/\\\/ringdoc.ro\\\/resurse-medicale\\\/wp-content\\\/uploads\\\/2025\\\/05\\\/astmul-primavara-de-ce-simptomele-se-agraveaza-si-ce-poti-face.webp\",\"datePublished\":\"2025-05-05T15:30:00+00:00\",\"breadcrumb\":{\"@id\":\"https:\\\/\\\/ringdoc.ro\\\/resurse-medicale\\\/astmul-primavara-de-ce-simptomele-se-agraveaza-si-ce-poti-face\\\/#breadcrumb\"},\"inLanguage\":\"en-US\",\"potentialAction\":[{\"@type\":\"ReadAction\",\"target\":[\"https:\\\/\\\/ringdoc.ro\\\/resurse-medicale\\\/astmul-primavara-de-ce-simptomele-se-agraveaza-si-ce-poti-face\\\/\"]}]},{\"@type\":\"ImageObject\",\"inLanguage\":\"en-US\",\"@id\":\"https:\\\/\\\/ringdoc.ro\\\/resurse-medicale\\\/astmul-primavara-de-ce-simptomele-se-agraveaza-si-ce-poti-face\\\/#primaryimage\",\"url\":\"https:\\\/\\\/ringdoc.ro\\\/resurse-medicale\\\/wp-content\\\/uploads\\\/2025\\\/05\\\/astmul-primavara-de-ce-simptomele-se-agraveaza-si-ce-poti-face.webp\",\"contentUrl\":\"https:\\\/\\\/ringdoc.ro\\\/resurse-medicale\\\/wp-content\\\/uploads\\\/2025\\\/05\\\/astmul-primavara-de-ce-simptomele-se-agraveaza-si-ce-poti-face.webp\",\"width\":1000,\"height\":600},{\"@type\":\"BreadcrumbList\",\"@id\":\"https:\\\/\\\/ringdoc.ro\\\/resurse-medicale\\\/astmul-primavara-de-ce-simptomele-se-agraveaza-si-ce-poti-face\\\/#breadcrumb\",\"itemListElement\":[{\"@type\":\"ListItem\",\"position\":1,\"name\":\"Prima pagin\u0103\",\"item\":\"https:\\\/\\\/ringdoc.ro\\\/resurse-medicale\\\/\"},{\"@type\":\"ListItem\",\"position\":2,\"name\":\"Astmul prim\u0103vara: De ce simptomele se agraveaz\u0103 \u0219i ce po\u021bi face?\"}]},{\"@type\":\"WebSite\",\"@id\":\"https:\\\/\\\/ringdoc.ro\\\/resurse-medicale\\\/#website\",\"url\":\"https:\\\/\\\/ringdoc.ro\\\/resurse-medicale\\\/\",\"name\":\"Resurse medicale\",\"description\":\"Doctor \u0219i re\u021bet\u0103, online de oriunde\",\"publisher\":{\"@id\":\"https:\\\/\\\/ringdoc.ro\\\/resurse-medicale\\\/#organization\"},\"potentialAction\":[{\"@type\":\"SearchAction\",\"target\":{\"@type\":\"EntryPoint\",\"urlTemplate\":\"https:\\\/\\\/ringdoc.ro\\\/resurse-medicale\\\/?s={search_term_string}\"},\"query-input\":{\"@type\":\"PropertyValueSpecification\",\"valueRequired\":true,\"valueName\":\"search_term_string\"}}],\"inLanguage\":\"en-US\"},{\"@type\":\"Organization\",\"@id\":\"https:\\\/\\\/ringdoc.ro\\\/resurse-medicale\\\/#organization\",\"name\":\"Ringdoc\",\"url\":\"https:\\\/\\\/ringdoc.ro\\\/resurse-medicale\\\/\",\"logo\":{\"@type\":\"ImageObject\",\"inLanguage\":\"en-US\",\"@id\":\"https:\\\/\\\/ringdoc.ro\\\/resurse-medicale\\\/#\\\/schema\\\/logo\\\/image\\\/\",\"url\":\"https:\\\/\\\/ringdoc.ro\\\/resurse-medicale\\\/wp-content\\\/uploads\\\/2026\\\/03\\\/ringdoc-logo-blog.webp\",\"contentUrl\":\"https:\\\/\\\/ringdoc.ro\\\/resurse-medicale\\\/wp-content\\\/uploads\\\/2026\\\/03\\\/ringdoc-logo-blog.webp\",\"width\":1000,\"height\":250,\"caption\":\"Ringdoc\"},\"image\":{\"@id\":\"https:\\\/\\\/ringdoc.ro\\\/resurse-medicale\\\/#\\\/schema\\\/logo\\\/image\\\/\"},\"sameAs\":[\"https:\\\/\\\/www.facebook.com\\\/ringdocapp\",\"https:\\\/\\\/www.linkedin.com\\\/company\\\/ringdocapp\\\/\",\"https:\\\/\\\/www.instagram.com\\\/ringdocapp\\\/\"]},{\"@type\":\"Person\",\"@id\":\"https:\\\/\\\/ringdoc.ro\\\/resurse-medicale\\\/#\\\/schema\\\/person\\\/53cd2ac6fdb265e74fceb1f668253984\",\"name\":\"Alexandru Andrei\"}]}<\/script>\n<!-- \/ Yoast SEO Premium plugin. -->","yoast_head_json":{"title":"Astmul prim\u0103vara: De ce simptomele se agraveaz\u0103 \u0219i ce po\u021bi face? - Ringdoc - Resurse medicale","robots":{"index":"index","follow":"follow","max-snippet":"max-snippet:-1","max-image-preview":"max-image-preview:large","max-video-preview":"max-video-preview:-1"},"canonical":"https:\/\/ringdoc.ro\/resurse-medicale\/astmul-primavara-de-ce-simptomele-se-agraveaza-si-ce-poti-face\/","og_locale":"en_US","og_type":"article","og_title":"Astmul prim\u0103vara: De ce simptomele se agraveaz\u0103 \u0219i ce po\u021bi face?","og_description":"Prim\u0103vara este anotimpul rena\u0219terii, al verde\u021bii \u0219i al ie\u0219irilor \u00een natur\u0103. \u00cens\u0103, pentru milioane de persoane care tr\u0103iesc cu astm bron\u0219ic, acest sezon poate \u00eensemna o perioad\u0103 de provoc\u0103ri majore. Aerul mai cald, \u00eenflorirea plantelor \u0219i prezen\u021ba polenului creeaz\u0103 o combina\u021bie periculoas\u0103 pentru sistemul respirator al persoanelor sensibile. \u00cen acest articol explic\u0103m de ce simptomele [&hellip;]","og_url":"https:\/\/ringdoc.ro\/resurse-medicale\/astmul-primavara-de-ce-simptomele-se-agraveaza-si-ce-poti-face\/","og_site_name":"Ringdoc - Resurse medicale","article_publisher":"https:\/\/www.facebook.com\/ringdocapp","article_published_time":"2025-05-05T15:30:00+00:00","og_image":[{"width":1000,"height":600,"url":"https:\/\/ringdoc.ro\/resurse-medicale\/wp-content\/uploads\/2025\/05\/astmul-primavara-de-ce-simptomele-se-agraveaza-si-ce-poti-face.webp","type":"image\/webp"}],"author":"Alexandru Andrei","schema":{"@context":"https:\/\/schema.org","@graph":[{"@type":"Article","@id":"https:\/\/ringdoc.ro\/resurse-medicale\/astmul-primavara-de-ce-simptomele-se-agraveaza-si-ce-poti-face\/#article","isPartOf":{"@id":"https:\/\/ringdoc.ro\/resurse-medicale\/astmul-primavara-de-ce-simptomele-se-agraveaza-si-ce-poti-face\/"},"author":{"name":"Alexandru Andrei","@id":"https:\/\/ringdoc.ro\/resurse-medicale\/#\/schema\/person\/53cd2ac6fdb265e74fceb1f668253984"},"headline":"Astmul prim\u0103vara: De ce simptomele se agraveaz\u0103 \u0219i ce po\u021bi face?","datePublished":"2025-05-05T15:30:00+00:00","mainEntityOfPage":{"@id":"https:\/\/ringdoc.ro\/resurse-medicale\/astmul-primavara-de-ce-simptomele-se-agraveaza-si-ce-poti-face\/"},"wordCount":797,"publisher":{"@id":"https:\/\/ringdoc.ro\/resurse-medicale\/#organization"},"image":{"@id":"https:\/\/ringdoc.ro\/resurse-medicale\/astmul-primavara-de-ce-simptomele-se-agraveaza-si-ce-poti-face\/#primaryimage"},"thumbnailUrl":"https:\/\/ringdoc.ro\/resurse-medicale\/wp-content\/uploads\/2025\/05\/astmul-primavara-de-ce-simptomele-se-agraveaza-si-ce-poti-face.webp","keywords":["Astm","Astm bron\u0219ic"],"articleSection":["Pneumologie"],"inLanguage":"en-US"},{"@type":"WebPage","@id":"https:\/\/ringdoc.ro\/resurse-medicale\/astmul-primavara-de-ce-simptomele-se-agraveaza-si-ce-poti-face\/","url":"https:\/\/ringdoc.ro\/resurse-medicale\/astmul-primavara-de-ce-simptomele-se-agraveaza-si-ce-poti-face\/","name":"Astmul prim\u0103vara: De ce simptomele se agraveaz\u0103 \u0219i ce po\u021bi face? - Ringdoc - Resurse medicale","isPartOf":{"@id":"https:\/\/ringdoc.ro\/resurse-medicale\/#website"},"primaryImageOfPage":{"@id":"https:\/\/ringdoc.ro\/resurse-medicale\/astmul-primavara-de-ce-simptomele-se-agraveaza-si-ce-poti-face\/#primaryimage"},"image":{"@id":"https:\/\/ringdoc.ro\/resurse-medicale\/astmul-primavara-de-ce-simptomele-se-agraveaza-si-ce-poti-face\/#primaryimage"},"thumbnailUrl":"https:\/\/ringdoc.ro\/resurse-medicale\/wp-content\/uploads\/2025\/05\/astmul-primavara-de-ce-simptomele-se-agraveaza-si-ce-poti-face.webp","datePublished":"2025-05-05T15:30:00+00:00","breadcrumb":{"@id":"https:\/\/ringdoc.ro\/resurse-medicale\/astmul-primavara-de-ce-simptomele-se-agraveaza-si-ce-poti-face\/#breadcrumb"},"inLanguage":"en-US","potentialAction":[{"@type":"ReadAction","target":["https:\/\/ringdoc.ro\/resurse-medicale\/astmul-primavara-de-ce-simptomele-se-agraveaza-si-ce-poti-face\/"]}]},{"@type":"ImageObject","inLanguage":"en-US","@id":"https:\/\/ringdoc.ro\/resurse-medicale\/astmul-primavara-de-ce-simptomele-se-agraveaza-si-ce-poti-face\/#primaryimage","url":"https:\/\/ringdoc.ro\/resurse-medicale\/wp-content\/uploads\/2025\/05\/astmul-primavara-de-ce-simptomele-se-agraveaza-si-ce-poti-face.webp","contentUrl":"https:\/\/ringdoc.ro\/resurse-medicale\/wp-content\/uploads\/2025\/05\/astmul-primavara-de-ce-simptomele-se-agraveaza-si-ce-poti-face.webp","width":1000,"height":600},{"@type":"BreadcrumbList","@id":"https:\/\/ringdoc.ro\/resurse-medicale\/astmul-primavara-de-ce-simptomele-se-agraveaza-si-ce-poti-face\/#breadcrumb","itemListElement":[{"@type":"ListItem","position":1,"name":"Prima pagin\u0103","item":"https:\/\/ringdoc.ro\/resurse-medicale\/"},{"@type":"ListItem","position":2,"name":"Astmul prim\u0103vara: De ce simptomele se agraveaz\u0103 \u0219i ce po\u021bi face?"}]},{"@type":"WebSite","@id":"https:\/\/ringdoc.ro\/resurse-medicale\/#website","url":"https:\/\/ringdoc.ro\/resurse-medicale\/","name":"Resurse medicale","description":"Doctor \u0219i re\u021bet\u0103, online de oriunde","publisher":{"@id":"https:\/\/ringdoc.ro\/resurse-medicale\/#organization"},"potentialAction":[{"@type":"SearchAction","target":{"@type":"EntryPoint","urlTemplate":"https:\/\/ringdoc.ro\/resurse-medicale\/?s={search_term_string}"},"query-input":{"@type":"PropertyValueSpecification","valueRequired":true,"valueName":"search_term_string"}}],"inLanguage":"en-US"},{"@type":"Organization","@id":"https:\/\/ringdoc.ro\/resurse-medicale\/#organization","name":"Ringdoc","url":"https:\/\/ringdoc.ro\/resurse-medicale\/","logo":{"@type":"ImageObject","inLanguage":"en-US","@id":"https:\/\/ringdoc.ro\/resurse-medicale\/#\/schema\/logo\/image\/","url":"https:\/\/ringdoc.ro\/resurse-medicale\/wp-content\/uploads\/2026\/03\/ringdoc-logo-blog.webp","contentUrl":"https:\/\/ringdoc.ro\/resurse-medicale\/wp-content\/uploads\/2026\/03\/ringdoc-logo-blog.webp","width":1000,"height":250,"caption":"Ringdoc"},"image":{"@id":"https:\/\/ringdoc.ro\/resurse-medicale\/#\/schema\/logo\/image\/"},"sameAs":["https:\/\/www.facebook.com\/ringdocapp","https:\/\/www.linkedin.com\/company\/ringdocapp\/","https:\/\/www.instagram.com\/ringdocapp\/"]},{"@type":"Person","@id":"https:\/\/ringdoc.ro\/resurse-medicale\/#\/schema\/person\/53cd2ac6fdb265e74fceb1f668253984","name":"Alexandru Andrei"}]}},"_links":{"self":[{"href":"https:\/\/ringdoc.ro\/resurse-medicale\/wp-json\/wp\/v2\/posts\/4991","targetHints":{"allow":["GET"]}}],"collection":[{"href":"https:\/\/ringdoc.ro\/resurse-medicale\/wp-json\/wp\/v2\/posts"}],"about":[{"href":"https:\/\/ringdoc.ro\/resurse-medicale\/wp-json\/wp\/v2\/types\/post"}],"author":[{"embeddable":true,"href":"https:\/\/ringdoc.ro\/resurse-medicale\/wp-json\/wp\/v2\/users\/4"}],"replies":[{"embeddable":true,"href":"https:\/\/ringdoc.ro\/resurse-medicale\/wp-json\/wp\/v2\/comments?post=4991"}],"version-history":[{"count":7,"href":"https:\/\/ringdoc.ro\/resurse-medicale\/wp-json\/wp\/v2\/posts\/4991\/revisions"}],"predecessor-version":[{"id":5002,"href":"https:\/\/ringdoc.ro\/resurse-medicale\/wp-json\/wp\/v2\/posts\/4991\/revisions\/5002"}],"wp:featuredmedia":[{"embeddable":true,"href":"https:\/\/ringdoc.ro\/resurse-medicale\/wp-json\/wp\/v2\/media\/4998"}],"wp:attachment":[{"href":"https:\/\/ringdoc.ro\/resurse-medicale\/wp-json\/wp\/v2\/media?parent=4991"}],"wp:term":[{"taxonomy":"category","embeddable":true,"href":"https:\/\/ringdoc.ro\/resurse-medicale\/wp-json\/wp\/v2\/categories?post=4991"},{"taxonomy":"post_tag","embeddable":true,"href":"https:\/\/ringdoc.ro\/resurse-medicale\/wp-json\/wp\/v2\/tags?post=4991"}],"curies":[{"name":"wp","href":"https:\/\/api.w.org\/{rel}","templated":true}]}}