{"id":5004,"date":"2025-05-08T09:30:00","date_gmt":"2025-05-08T06:30:00","guid":{"rendered":"https:\/\/ringdoc.ro\/resurse-medicale\/?p=5004"},"modified":"2025-05-06T15:21:50","modified_gmt":"2025-05-06T12:21:50","slug":"rinita-alergica-sezoniera","status":"publish","type":"post","link":"https:\/\/ringdoc.ro\/resurse-medicale\/rinita-alergica-sezoniera\/","title":{"rendered":"Rinita alergic\u0103 sezonier\u0103: ce este, de ce apare prim\u0103vara \u0219i cum poate fi tratat\u0103"},"content":{"rendered":"\t\t<div data-elementor-type=\"wp-post\" data-elementor-id=\"5004\" class=\"elementor elementor-5004\" data-elementor-post-type=\"post\">\n\t\t\t\t<div class=\"elementor-element elementor-element-2176219 e-flex e-con-boxed e-con e-parent\" data-id=\"2176219\" data-element_type=\"container\" data-e-type=\"container\">\n\t\t\t\t\t<div class=\"e-con-inner\">\n\t\t\t\t<div class=\"elementor-element elementor-element-1f6ca0a5 elementor-widget elementor-widget-text-editor\" data-id=\"1f6ca0a5\" data-element_type=\"widget\" data-e-type=\"widget\" data-widget_type=\"text-editor.default\">\n\t\t\t\t<div class=\"elementor-widget-container\">\n\t\t\t\t\t\t\t\t\t<p class=\"p1\">Prim\u0103vara este un anotimp a\u0219teptat de mul\u021bi pentru temperaturile bl\u00e2nde, zilele mai lungi \u0219i explozia de vegeta\u021bie. Cu toate acestea, pentru o parte important\u0103 a popula\u021biei, aceast\u0103 perioad\u0103 aduce cu sine \u0219i disconfort semnificativ sub forma rinitelor alergice. Rinita alergic\u0103 sezonier\u0103 este o afec\u021biune frecvent \u00eent\u00e2lnit\u0103, declan\u0219at\u0103 de contactul cu alergeni din mediu, \u00een special polenul, \u0219i afecteaz\u0103 milioane de persoane la nivel global.<\/p><p class=\"p1\">De\u0219i adesea considerat\u0103 o problem\u0103 minor\u0103, rinita alergic\u0103 poate avea un impact major asupra calit\u0103\u021bii vie\u021bii, interfer\u00e2nd cu somnul, capacitatea de concentrare \u0219i activit\u0103\u021bile zilnice. Prin urmare, este important s\u0103 \u00een\u021belegem cauzele, mecanismele implicate \u0219i op\u021biunile actuale de diagnostic \u0219i tratament.<\/p>\t\t\t\t\t\t\t\t<\/div>\n\t\t\t\t<\/div>\n\t\t\t\t<div class=\"elementor-element elementor-element-996d2e4 elementor-widget elementor-widget-heading\" data-id=\"996d2e4\" data-element_type=\"widget\" data-e-type=\"widget\" data-widget_type=\"heading.default\">\n\t\t\t\t<div class=\"elementor-widget-container\">\n\t\t\t\t\t<h2 class=\"elementor-heading-title elementor-size-default\">Ce este rinita alergic\u0103 sezonier\u0103<\/h2>\t\t\t\t<\/div>\n\t\t\t\t<\/div>\n\t\t\t\t<div class=\"elementor-element elementor-element-f26cacf elementor-widget elementor-widget-text-editor\" data-id=\"f26cacf\" data-element_type=\"widget\" data-e-type=\"widget\" data-widget_type=\"text-editor.default\">\n\t\t\t\t<div class=\"elementor-widget-container\">\n\t\t\t\t\t\t\t\t\t<p class=\"p1\">Rinita alergic\u0103 este o inflama\u021bie a mucoasei nazale, cauzat\u0103 de o reac\u021bie de hipersensibilitate a sistemului imunitar la anumi\u021bi factori din mediul \u00eenconjur\u0103tor. \u00cen cazul rinitelor sezoniere, alergenii declan\u0219atori sunt prezen\u021bi doar \u00een anumite perioade ale anului \u2013 prim\u0103vara, \u00een principal, dar \u0219i \u00een timpul verii sau toamnei, \u00een func\u021bie de tipul de polen la care persoana este sensibil\u0103.<\/p><p class=\"p1\">Mecanismul implic\u0103 o reac\u021bie imunologic\u0103 \u00een care organismul identific\u0103 \u00een mod eronat particulele de polen ca fiind amenin\u021b\u0103ri. Drept urmare, elibereaz\u0103 histamin\u0103 \u0219i alte substan\u021be chimice care declan\u0219eaz\u0103 simptomele specifice: congestie nazal\u0103, secre\u021bii apoase, str\u0103nut repetitiv, m\u00e2nc\u0103rime nazal\u0103 \u0219i ocular\u0103, ochi ro\u0219ii \u0219i l\u0103crimare excesiv\u0103.<\/p>\t\t\t\t\t\t\t\t<\/div>\n\t\t\t\t<\/div>\n\t\t\t\t<div class=\"elementor-element elementor-element-702068bc elementor-widget elementor-widget-heading\" data-id=\"702068bc\" data-element_type=\"widget\" data-e-type=\"widget\" data-widget_type=\"heading.default\">\n\t\t\t\t<div class=\"elementor-widget-container\">\n\t\t\t\t\t<h2 class=\"elementor-heading-title elementor-size-default\">De ce apare mai ales prim\u0103vara<\/h2>\t\t\t\t<\/div>\n\t\t\t\t<\/div>\n\t\t\t\t<div class=\"elementor-element elementor-element-54c9dc3 elementor-widget elementor-widget-text-editor\" data-id=\"54c9dc3\" data-element_type=\"widget\" data-e-type=\"widget\" data-widget_type=\"text-editor.default\">\n\t\t\t\t<div class=\"elementor-widget-container\">\n\t\t\t\t\t\t\t\t\t<p class=\"p1\">Prim\u0103vara este perioada \u00een care nivelurile de polen din atmosfer\u0103 ating cote ridicate, \u00een special polenul arborilor precum mesteac\u0103nul, stejarul, plopul sau arinul. Condi\u021biile meteo \u2013 v\u00e2ntul, umiditatea, temperaturile \u00een cre\u0219tere \u2013 contribuie la dispersarea polenului pe distan\u021be mari. Persoanele sensibile la aceste tipuri de polen dezvolt\u0103 simptome mai devreme, adesea \u00eenc\u0103 din luna martie, iar afec\u021biunea poate persista p\u00e2n\u0103 la \u00eenceputul verii.<\/p><p class=\"p1\">\u00cen plus, prim\u0103vara coincide cu reluarea activit\u0103\u021bilor \u00een aer liber, ceea ce \u00eenseamn\u0103 o expunere mai mare la aerul poluat sau la al\u021bi factori iritan\u021bi, precum mucegaiul sau acarienii care se reactiveaz\u0103 odat\u0103 cu cre\u0219terea umidit\u0103\u021bii \u0219i temperaturii.<\/p>\t\t\t\t\t\t\t\t<\/div>\n\t\t\t\t<\/div>\n\t\t\t\t<div class=\"elementor-element elementor-element-caf30c7 elementor-widget elementor-widget-heading\" data-id=\"caf30c7\" data-element_type=\"widget\" data-e-type=\"widget\" data-widget_type=\"heading.default\">\n\t\t\t\t<div class=\"elementor-widget-container\">\n\t\t\t\t\t<h2 class=\"elementor-heading-title elementor-size-default\">Simptome \u0219i diagnostic<\/h2>\t\t\t\t<\/div>\n\t\t\t\t<\/div>\n\t\t\t\t<div class=\"elementor-element elementor-element-058aef5 elementor-widget elementor-widget-text-editor\" data-id=\"058aef5\" data-element_type=\"widget\" data-e-type=\"widget\" data-widget_type=\"text-editor.default\">\n\t\t\t\t<div class=\"elementor-widget-container\">\n\t\t\t\t\t\t\t\t\t<p class=\"p1\">Simptomele rinitelor alergice sunt adesea confundate cu cele ale unei r\u0103celi banale. Cu toate acestea, existen\u021ba unei periodicit\u0103\u021bi anuale, lipsa febrei \u0219i asocierea cu expunerea la mediu pot orienta medicul c\u0103tre un diagnostic alergic. Alte semne relevante pot include oboseal\u0103 persistent\u0103, <strong><a href=\"https:\/\/blog.ringdoc.ro\/tulburarile-de-somn-impactul-asupra-sanatatii-mintale-si-fizice\/\">tulbur\u0103ri de somn<\/a><\/strong>, sc\u0103derea capacit\u0103\u021bii de concentrare \u0219i iritabilitate.<\/p><p class=\"p1\">Pentru confirmarea diagnosticului, se recomand\u0103 un consult <strong><a href=\"https:\/\/www.ringdoc.ro\/patient\/medicList\/alergologie\">alergologic<\/a><\/strong>, care poate include teste cutanate (prick test) sau analize de s\u00e2nge pentru determinarea nivelului de IgE specifice. \u00cen unele cazuri, medicul poate recomanda \u0219i o evaluare <strong><a href=\"https:\/\/www.ringdoc.ro\/patient\/medicList\/orl\">ORL<\/a><\/strong> pentru excluderea altor afec\u021biuni cu simptomatologie similar\u0103, cum ar fi devia\u021biile de sept, polipoza nazal\u0103 sau infec\u021biile cronice.<\/p>\t\t\t\t\t\t\t\t<\/div>\n\t\t\t\t<\/div>\n\t\t\t\t<div class=\"elementor-element elementor-element-20e157b elementor-widget elementor-widget-heading\" data-id=\"20e157b\" data-element_type=\"widget\" data-e-type=\"widget\" data-widget_type=\"heading.default\">\n\t\t\t\t<div class=\"elementor-widget-container\">\n\t\t\t\t\t<h2 class=\"elementor-heading-title elementor-size-default\">Impactul asupra calit\u0103\u021bii vie\u021bii<\/h2>\t\t\t\t<\/div>\n\t\t\t\t<\/div>\n\t\t\t\t<div class=\"elementor-element elementor-element-0192f2e elementor-widget elementor-widget-text-editor\" data-id=\"0192f2e\" data-element_type=\"widget\" data-e-type=\"widget\" data-widget_type=\"text-editor.default\">\n\t\t\t\t<div class=\"elementor-widget-container\">\n\t\t\t\t\t\t\t\t\t<p class=\"p1\">De\u0219i rinita alergic\u0103 nu este o afec\u021biune grav\u0103 \u00een sens clasic, impactul s\u0103u nu trebuie subestimat. Persoanele afectate pot avea un somn fragmentat din cauza nasului \u00eenfundat, pot resim\u021bi o stare constant\u0103 de oboseal\u0103 sau lips\u0103 de energie \u0219i pot avea dificult\u0103\u021bi \u00een desf\u0103\u0219urarea activit\u0103\u021bilor de zi cu zi. La copii, poate afecta performan\u021ba \u0219colar\u0103, iar la adul\u021bi \u2013 productivitatea profesional\u0103.<\/p><p class=\"p1\">Mai mult, nediagnosticat\u0103 \u0219i netratat\u0103, rinita alergic\u0103 poate favoriza dezvoltarea altor afec\u021biuni, precum <strong><a href=\"https:\/\/blog.ringdoc.ro\/ce-este-sinuzita-cauze-preventie-remedii\/\">sinuzita<\/a><\/strong> cronic\u0103 sau chiar <strong><a href=\"https:\/\/blog.ringdoc.ro\/astmul-primavara-de-ce-simptomele-se-agraveaza-si-ce-poti-face\/\">astmul bron\u0219ic<\/a><\/strong>, \u00een special la persoanele predispuse.<\/p>\t\t\t\t\t\t\t\t<\/div>\n\t\t\t\t<\/div>\n\t\t\t\t<div class=\"elementor-element elementor-element-7b22d66 elementor-widget elementor-widget-heading\" data-id=\"7b22d66\" data-element_type=\"widget\" data-e-type=\"widget\" data-widget_type=\"heading.default\">\n\t\t\t\t<div class=\"elementor-widget-container\">\n\t\t\t\t\t<h2 class=\"elementor-heading-title elementor-size-default\">Op\u021biuni de tratament<\/h2>\t\t\t\t<\/div>\n\t\t\t\t<\/div>\n\t\t\t\t<div class=\"elementor-element elementor-element-30738e5 elementor-widget elementor-widget-text-editor\" data-id=\"30738e5\" data-element_type=\"widget\" data-e-type=\"widget\" data-widget_type=\"text-editor.default\">\n\t\t\t\t<div class=\"elementor-widget-container\">\n\t\t\t\t\t\t\t\t\t<p class=\"p1\">Tratamentul rinitelor alergice se personalizeaz\u0103 \u00een func\u021bie de severitatea simptomelor \u0219i istoricul pacientului. \u00cen formele u\u0219oare, m\u0103surile de evitare a alergenilor pot fi suficiente: limitarea expunerii \u00een zilele cu concentra\u021bie mare de polen, aerisirea controlat\u0103 a locuin\u021bei, utilizarea de purificatoare de aer sau sp\u0103larea frecvent\u0103 a fe\u021bei \u0219i a c\u0103ilor nazale.<\/p><p class=\"p1\">\u00cen formele moderate \u0219i severe, se recomand\u0103 tratament medicamentos: antihistaminice orale sau intranazale, corticosteroizi nazali, decongestionante sau pic\u0103turi oculare antialergice. Acestea amelioreaz\u0103 simptomele \u0219i permit o func\u021bionare normal\u0103 \u00een timpul sezonului alergenic.<\/p><p class=\"p1\">\u00cen cazul pacien\u021bilor cu simptome recurente \u0219i severe, medicul poate recomanda imunoterapia specific\u0103 \u2013 un tratament de lung\u0103 durat\u0103 care reduce sensibilitatea organismului la alergenul incriminat.<\/p>\t\t\t\t\t\t\t\t<\/div>\n\t\t\t\t<\/div>\n\t\t\t\t<div class=\"elementor-element elementor-element-959fc8a elementor-widget elementor-widget-heading\" data-id=\"959fc8a\" data-element_type=\"widget\" data-e-type=\"widget\" data-widget_type=\"heading.default\">\n\t\t\t\t<div class=\"elementor-widget-container\">\n\t\t\t\t\t<h2 class=\"elementor-heading-title elementor-size-default\">Acces rapid la consulta\u021bii de specialitate<\/h2>\t\t\t\t<\/div>\n\t\t\t\t<\/div>\n\t\t\t\t<div class=\"elementor-element elementor-element-e15ef06 elementor-widget elementor-widget-text-editor\" data-id=\"e15ef06\" data-element_type=\"widget\" data-e-type=\"widget\" data-widget_type=\"text-editor.default\">\n\t\t\t\t<div class=\"elementor-widget-container\">\n\t\t\t\t\t\t\t\t\t<p class=\"p1\">Diagnosticul corect \u0219i tratamentul adecvat trebuie stabilite de un medic, de preferat un <strong><a href=\"https:\/\/www.ringdoc.ro\/patient\/medicList\/alergologie\">alergolog<\/a><\/strong> sau un specialist <strong><a href=\"https:\/\/www.ringdoc.ro\/patient\/medicList\/orl\">ORL<\/a><\/strong>. \u00cen contextul actual, \u00een care timpul este adesea limitat, consulta\u021biile \u00een regim de telemedicin\u0103 sunt o alternativ\u0103 eficient\u0103. Prin intermediul aplica\u021biei <strong><a href=\"https:\/\/www.ringdoc.ro\/\">Ringdoc<\/a><\/strong>, pacien\u021bii pot ob\u021bine rapid o consulta\u021bie de specialitate, recomand\u0103ri personalizate \u0219i re\u021bete, f\u0103r\u0103 a fi necesar\u0103 deplasarea la cabinet.<\/p><p class=\"p1\">Aceast\u0103 abordare este ideal\u0103 mai ales \u00een perioada de debut a simptomelor, c\u00e2nd interven\u021bia rapid\u0103 poate preveni agravarea afec\u021biunii.<\/p>\t\t\t\t\t\t\t\t<\/div>\n\t\t\t\t<\/div>\n\t\t\t\t<div class=\"elementor-element elementor-element-04fbe84 elementor-widget elementor-widget-heading\" data-id=\"04fbe84\" data-element_type=\"widget\" data-e-type=\"widget\" data-widget_type=\"heading.default\">\n\t\t\t\t<div class=\"elementor-widget-container\">\n\t\t\t\t\t<h2 class=\"elementor-heading-title elementor-size-default\">Concluzie<\/h2>\t\t\t\t<\/div>\n\t\t\t\t<\/div>\n\t\t\t\t<div class=\"elementor-element elementor-element-0c03fd4 elementor-widget elementor-widget-text-editor\" data-id=\"0c03fd4\" data-element_type=\"widget\" data-e-type=\"widget\" data-widget_type=\"text-editor.default\">\n\t\t\t\t<div class=\"elementor-widget-container\">\n\t\t\t\t\t\t\t\t\t<p class=\"p1\">Rinita alergic\u0103 sezonier\u0103 este o problem\u0103 real\u0103 pentru tot mai mul\u021bi oameni, dar poate fi gestionat\u0103 eficient printr-o combina\u021bie de m\u0103suri de evitare, tratamente medicamentoase \u0219i consiliere medical\u0103. Prim\u0103vara nu trebuie s\u0103 fie sinonim\u0103 cu disconfortul, ci poate fi tr\u0103it\u0103 \u00een mod activ \u0219i s\u0103n\u0103tos cu sprijinul unui plan de \u00eengrijire bine pus la punct.<\/p><p class=\"p1\">Pentru cei care se confrunt\u0103 cu simptome recurente sau persistente, <strong><a href=\"https:\/\/www.ringdoc.ro\/patient\/medicList\/\">Ringdoc<\/a><\/strong> ofer\u0103 acces rapid la speciali\u0219ti care pot recomanda cea mai bun\u0103 solu\u021bie adaptat\u0103 fiec\u0103rui caz. <strong><a href=\"https:\/\/www.ringdoc.ro\/patient\/medicList\">Consulta\u021bia online<\/a><\/strong> este un prim pas esen\u021bial pentru a redob\u00e2ndi controlul asupra propriei s\u0103n\u0103t\u0103\u021bi \u0219i a te bucura de fiecare zi de prim\u0103var\u0103.<\/p>\t\t\t\t\t\t\t\t<\/div>\n\t\t\t\t<\/div>\n\t\t\t\t\t<\/div>\n\t\t\t\t<\/div>\n\t\t\t\t<\/div>\n\t\t","protected":false},"excerpt":{"rendered":"<p>Prim\u0103vara este un anotimp a\u0219teptat de mul\u021bi pentru temperaturile bl\u00e2nde, zilele mai lungi \u0219i explozia de vegeta\u021bie. Cu toate acestea, pentru o parte important\u0103 a popula\u021biei, aceast\u0103 perioad\u0103 aduce cu sine \u0219i disconfort semnificativ sub forma rinitelor alergice. Rinita alergic\u0103 sezonier\u0103 este o afec\u021biune frecvent \u00eent\u00e2lnit\u0103, declan\u0219at\u0103 de contactul cu alergeni din mediu, \u00een special [&hellip;]<\/p>\n","protected":false},"author":4,"featured_media":5011,"comment_status":"closed","ping_status":"closed","sticky":false,"template":"","format":"standard","meta":{"footnotes":""},"categories":[165],"tags":[164],"class_list":["post-5004","post","type-post","status-publish","format-standard","has-post-thumbnail","hentry","category-alergologie","tag-rinita-alergica"],"yoast_head":"<!-- This site is optimized with the Yoast SEO Premium plugin v27.4 (Yoast SEO v27.4) - https:\/\/yoast.com\/product\/yoast-seo-premium-wordpress\/ -->\n<title>Rinita alergic\u0103 sezonier\u0103: ce este, de ce apare prim\u0103vara \u0219i cum poate fi tratat\u0103<\/title>\n<meta name=\"description\" content=\"Afl\u0103 tot ce trebuie s\u0103 \u0219tii despre rinita alergic\u0103 sezonier\u0103: de ce apare prim\u0103vara, care sunt simptomele \u0219i ce op\u021biuni de tratament exist\u0103!\" \/>\n<meta name=\"robots\" content=\"index, follow, max-snippet:-1, max-image-preview:large, max-video-preview:-1\" \/>\n<link rel=\"canonical\" href=\"https:\/\/ringdoc.ro\/resurse-medicale\/rinita-alergica-sezoniera\/\" \/>\n<meta property=\"og:locale\" content=\"en_US\" \/>\n<meta property=\"og:type\" content=\"article\" \/>\n<meta property=\"og:title\" content=\"Rinita alergic\u0103 sezonier\u0103: ce este, de ce apare prim\u0103vara \u0219i cum poate fi tratat\u0103\" \/>\n<meta property=\"og:description\" content=\"Afl\u0103 tot ce trebuie s\u0103 \u0219tii despre rinita alergic\u0103 sezonier\u0103: de ce apare prim\u0103vara, care sunt simptomele \u0219i ce op\u021biuni de tratament exist\u0103!\" \/>\n<meta property=\"og:url\" content=\"https:\/\/ringdoc.ro\/resurse-medicale\/rinita-alergica-sezoniera\/\" \/>\n<meta property=\"og:site_name\" content=\"Ringdoc - Resurse medicale\" \/>\n<meta property=\"article:publisher\" content=\"https:\/\/www.facebook.com\/ringdocapp\" \/>\n<meta property=\"article:published_time\" content=\"2025-05-08T06:30:00+00:00\" \/>\n<meta property=\"og:image\" content=\"https:\/\/ringdoc.ro\/resurse-medicale\/wp-content\/uploads\/2025\/05\/rinita-alergica-sezoniera.webp\" \/>\n\t<meta property=\"og:image:width\" content=\"1000\" \/>\n\t<meta property=\"og:image:height\" content=\"600\" \/>\n\t<meta property=\"og:image:type\" content=\"image\/webp\" \/>\n<meta name=\"author\" content=\"Alexandru Andrei\" \/>\n<script type=\"application\/ld+json\" class=\"yoast-schema-graph\">{\"@context\":\"https:\\\/\\\/schema.org\",\"@graph\":[{\"@type\":\"Article\",\"@id\":\"https:\\\/\\\/ringdoc.ro\\\/resurse-medicale\\\/rinita-alergica-sezoniera\\\/#article\",\"isPartOf\":{\"@id\":\"https:\\\/\\\/ringdoc.ro\\\/resurse-medicale\\\/rinita-alergica-sezoniera\\\/\"},\"author\":{\"name\":\"Alexandru Andrei\",\"@id\":\"https:\\\/\\\/ringdoc.ro\\\/resurse-medicale\\\/#\\\/schema\\\/person\\\/53cd2ac6fdb265e74fceb1f668253984\"},\"headline\":\"Rinita alergic\u0103 sezonier\u0103: ce este, de ce apare prim\u0103vara \u0219i cum poate fi tratat\u0103\",\"datePublished\":\"2025-05-08T06:30:00+00:00\",\"mainEntityOfPage\":{\"@id\":\"https:\\\/\\\/ringdoc.ro\\\/resurse-medicale\\\/rinita-alergica-sezoniera\\\/\"},\"wordCount\":941,\"publisher\":{\"@id\":\"https:\\\/\\\/ringdoc.ro\\\/resurse-medicale\\\/#organization\"},\"image\":{\"@id\":\"https:\\\/\\\/ringdoc.ro\\\/resurse-medicale\\\/rinita-alergica-sezoniera\\\/#primaryimage\"},\"thumbnailUrl\":\"https:\\\/\\\/ringdoc.ro\\\/resurse-medicale\\\/wp-content\\\/uploads\\\/2025\\\/05\\\/rinita-alergica-sezoniera.webp\",\"keywords\":[\"Rinit\u0103 alergic\u0103\"],\"articleSection\":[\"Alergologie\"],\"inLanguage\":\"en-US\"},{\"@type\":\"WebPage\",\"@id\":\"https:\\\/\\\/ringdoc.ro\\\/resurse-medicale\\\/rinita-alergica-sezoniera\\\/\",\"url\":\"https:\\\/\\\/ringdoc.ro\\\/resurse-medicale\\\/rinita-alergica-sezoniera\\\/\",\"name\":\"Rinita alergic\u0103 sezonier\u0103: ce este, de ce apare prim\u0103vara \u0219i cum poate fi tratat\u0103\",\"isPartOf\":{\"@id\":\"https:\\\/\\\/ringdoc.ro\\\/resurse-medicale\\\/#website\"},\"primaryImageOfPage\":{\"@id\":\"https:\\\/\\\/ringdoc.ro\\\/resurse-medicale\\\/rinita-alergica-sezoniera\\\/#primaryimage\"},\"image\":{\"@id\":\"https:\\\/\\\/ringdoc.ro\\\/resurse-medicale\\\/rinita-alergica-sezoniera\\\/#primaryimage\"},\"thumbnailUrl\":\"https:\\\/\\\/ringdoc.ro\\\/resurse-medicale\\\/wp-content\\\/uploads\\\/2025\\\/05\\\/rinita-alergica-sezoniera.webp\",\"datePublished\":\"2025-05-08T06:30:00+00:00\",\"description\":\"Afl\u0103 tot ce trebuie s\u0103 \u0219tii despre rinita alergic\u0103 sezonier\u0103: de ce apare prim\u0103vara, care sunt simptomele \u0219i ce op\u021biuni de tratament exist\u0103!\",\"breadcrumb\":{\"@id\":\"https:\\\/\\\/ringdoc.ro\\\/resurse-medicale\\\/rinita-alergica-sezoniera\\\/#breadcrumb\"},\"inLanguage\":\"en-US\",\"potentialAction\":[{\"@type\":\"ReadAction\",\"target\":[\"https:\\\/\\\/ringdoc.ro\\\/resurse-medicale\\\/rinita-alergica-sezoniera\\\/\"]}]},{\"@type\":\"ImageObject\",\"inLanguage\":\"en-US\",\"@id\":\"https:\\\/\\\/ringdoc.ro\\\/resurse-medicale\\\/rinita-alergica-sezoniera\\\/#primaryimage\",\"url\":\"https:\\\/\\\/ringdoc.ro\\\/resurse-medicale\\\/wp-content\\\/uploads\\\/2025\\\/05\\\/rinita-alergica-sezoniera.webp\",\"contentUrl\":\"https:\\\/\\\/ringdoc.ro\\\/resurse-medicale\\\/wp-content\\\/uploads\\\/2025\\\/05\\\/rinita-alergica-sezoniera.webp\",\"width\":1000,\"height\":600},{\"@type\":\"BreadcrumbList\",\"@id\":\"https:\\\/\\\/ringdoc.ro\\\/resurse-medicale\\\/rinita-alergica-sezoniera\\\/#breadcrumb\",\"itemListElement\":[{\"@type\":\"ListItem\",\"position\":1,\"name\":\"Prima pagin\u0103\",\"item\":\"https:\\\/\\\/ringdoc.ro\\\/resurse-medicale\\\/\"},{\"@type\":\"ListItem\",\"position\":2,\"name\":\"Rinita alergic\u0103 sezonier\u0103: ce este, de ce apare prim\u0103vara \u0219i cum poate fi tratat\u0103\"}]},{\"@type\":\"WebSite\",\"@id\":\"https:\\\/\\\/ringdoc.ro\\\/resurse-medicale\\\/#website\",\"url\":\"https:\\\/\\\/ringdoc.ro\\\/resurse-medicale\\\/\",\"name\":\"Resurse medicale\",\"description\":\"Doctor \u0219i re\u021bet\u0103, online de oriunde\",\"publisher\":{\"@id\":\"https:\\\/\\\/ringdoc.ro\\\/resurse-medicale\\\/#organization\"},\"potentialAction\":[{\"@type\":\"SearchAction\",\"target\":{\"@type\":\"EntryPoint\",\"urlTemplate\":\"https:\\\/\\\/ringdoc.ro\\\/resurse-medicale\\\/?s={search_term_string}\"},\"query-input\":{\"@type\":\"PropertyValueSpecification\",\"valueRequired\":true,\"valueName\":\"search_term_string\"}}],\"inLanguage\":\"en-US\"},{\"@type\":\"Organization\",\"@id\":\"https:\\\/\\\/ringdoc.ro\\\/resurse-medicale\\\/#organization\",\"name\":\"Ringdoc\",\"url\":\"https:\\\/\\\/ringdoc.ro\\\/resurse-medicale\\\/\",\"logo\":{\"@type\":\"ImageObject\",\"inLanguage\":\"en-US\",\"@id\":\"https:\\\/\\\/ringdoc.ro\\\/resurse-medicale\\\/#\\\/schema\\\/logo\\\/image\\\/\",\"url\":\"https:\\\/\\\/ringdoc.ro\\\/resurse-medicale\\\/wp-content\\\/uploads\\\/2026\\\/03\\\/ringdoc-logo-blog.webp\",\"contentUrl\":\"https:\\\/\\\/ringdoc.ro\\\/resurse-medicale\\\/wp-content\\\/uploads\\\/2026\\\/03\\\/ringdoc-logo-blog.webp\",\"width\":1000,\"height\":250,\"caption\":\"Ringdoc\"},\"image\":{\"@id\":\"https:\\\/\\\/ringdoc.ro\\\/resurse-medicale\\\/#\\\/schema\\\/logo\\\/image\\\/\"},\"sameAs\":[\"https:\\\/\\\/www.facebook.com\\\/ringdocapp\",\"https:\\\/\\\/www.linkedin.com\\\/company\\\/ringdocapp\\\/\",\"https:\\\/\\\/www.instagram.com\\\/ringdocapp\\\/\"]},{\"@type\":\"Person\",\"@id\":\"https:\\\/\\\/ringdoc.ro\\\/resurse-medicale\\\/#\\\/schema\\\/person\\\/53cd2ac6fdb265e74fceb1f668253984\",\"name\":\"Alexandru Andrei\"}]}<\/script>\n<!-- \/ Yoast SEO Premium plugin. -->","yoast_head_json":{"title":"Rinita alergic\u0103 sezonier\u0103: ce este, de ce apare prim\u0103vara \u0219i cum poate fi tratat\u0103","description":"Afl\u0103 tot ce trebuie s\u0103 \u0219tii despre rinita alergic\u0103 sezonier\u0103: de ce apare prim\u0103vara, care sunt simptomele \u0219i ce op\u021biuni de tratament exist\u0103!","robots":{"index":"index","follow":"follow","max-snippet":"max-snippet:-1","max-image-preview":"max-image-preview:large","max-video-preview":"max-video-preview:-1"},"canonical":"https:\/\/ringdoc.ro\/resurse-medicale\/rinita-alergica-sezoniera\/","og_locale":"en_US","og_type":"article","og_title":"Rinita alergic\u0103 sezonier\u0103: ce este, de ce apare prim\u0103vara \u0219i cum poate fi tratat\u0103","og_description":"Afl\u0103 tot ce trebuie s\u0103 \u0219tii despre rinita alergic\u0103 sezonier\u0103: de ce apare prim\u0103vara, care sunt simptomele \u0219i ce op\u021biuni de tratament exist\u0103!","og_url":"https:\/\/ringdoc.ro\/resurse-medicale\/rinita-alergica-sezoniera\/","og_site_name":"Ringdoc - Resurse medicale","article_publisher":"https:\/\/www.facebook.com\/ringdocapp","article_published_time":"2025-05-08T06:30:00+00:00","og_image":[{"width":1000,"height":600,"url":"https:\/\/ringdoc.ro\/resurse-medicale\/wp-content\/uploads\/2025\/05\/rinita-alergica-sezoniera.webp","type":"image\/webp"}],"author":"Alexandru Andrei","schema":{"@context":"https:\/\/schema.org","@graph":[{"@type":"Article","@id":"https:\/\/ringdoc.ro\/resurse-medicale\/rinita-alergica-sezoniera\/#article","isPartOf":{"@id":"https:\/\/ringdoc.ro\/resurse-medicale\/rinita-alergica-sezoniera\/"},"author":{"name":"Alexandru Andrei","@id":"https:\/\/ringdoc.ro\/resurse-medicale\/#\/schema\/person\/53cd2ac6fdb265e74fceb1f668253984"},"headline":"Rinita alergic\u0103 sezonier\u0103: ce este, de ce apare prim\u0103vara \u0219i cum poate fi tratat\u0103","datePublished":"2025-05-08T06:30:00+00:00","mainEntityOfPage":{"@id":"https:\/\/ringdoc.ro\/resurse-medicale\/rinita-alergica-sezoniera\/"},"wordCount":941,"publisher":{"@id":"https:\/\/ringdoc.ro\/resurse-medicale\/#organization"},"image":{"@id":"https:\/\/ringdoc.ro\/resurse-medicale\/rinita-alergica-sezoniera\/#primaryimage"},"thumbnailUrl":"https:\/\/ringdoc.ro\/resurse-medicale\/wp-content\/uploads\/2025\/05\/rinita-alergica-sezoniera.webp","keywords":["Rinit\u0103 alergic\u0103"],"articleSection":["Alergologie"],"inLanguage":"en-US"},{"@type":"WebPage","@id":"https:\/\/ringdoc.ro\/resurse-medicale\/rinita-alergica-sezoniera\/","url":"https:\/\/ringdoc.ro\/resurse-medicale\/rinita-alergica-sezoniera\/","name":"Rinita alergic\u0103 sezonier\u0103: ce este, de ce apare prim\u0103vara \u0219i cum poate fi tratat\u0103","isPartOf":{"@id":"https:\/\/ringdoc.ro\/resurse-medicale\/#website"},"primaryImageOfPage":{"@id":"https:\/\/ringdoc.ro\/resurse-medicale\/rinita-alergica-sezoniera\/#primaryimage"},"image":{"@id":"https:\/\/ringdoc.ro\/resurse-medicale\/rinita-alergica-sezoniera\/#primaryimage"},"thumbnailUrl":"https:\/\/ringdoc.ro\/resurse-medicale\/wp-content\/uploads\/2025\/05\/rinita-alergica-sezoniera.webp","datePublished":"2025-05-08T06:30:00+00:00","description":"Afl\u0103 tot ce trebuie s\u0103 \u0219tii despre rinita alergic\u0103 sezonier\u0103: de ce apare prim\u0103vara, care sunt simptomele \u0219i ce op\u021biuni de tratament exist\u0103!","breadcrumb":{"@id":"https:\/\/ringdoc.ro\/resurse-medicale\/rinita-alergica-sezoniera\/#breadcrumb"},"inLanguage":"en-US","potentialAction":[{"@type":"ReadAction","target":["https:\/\/ringdoc.ro\/resurse-medicale\/rinita-alergica-sezoniera\/"]}]},{"@type":"ImageObject","inLanguage":"en-US","@id":"https:\/\/ringdoc.ro\/resurse-medicale\/rinita-alergica-sezoniera\/#primaryimage","url":"https:\/\/ringdoc.ro\/resurse-medicale\/wp-content\/uploads\/2025\/05\/rinita-alergica-sezoniera.webp","contentUrl":"https:\/\/ringdoc.ro\/resurse-medicale\/wp-content\/uploads\/2025\/05\/rinita-alergica-sezoniera.webp","width":1000,"height":600},{"@type":"BreadcrumbList","@id":"https:\/\/ringdoc.ro\/resurse-medicale\/rinita-alergica-sezoniera\/#breadcrumb","itemListElement":[{"@type":"ListItem","position":1,"name":"Prima pagin\u0103","item":"https:\/\/ringdoc.ro\/resurse-medicale\/"},{"@type":"ListItem","position":2,"name":"Rinita alergic\u0103 sezonier\u0103: ce este, de ce apare prim\u0103vara \u0219i cum poate fi tratat\u0103"}]},{"@type":"WebSite","@id":"https:\/\/ringdoc.ro\/resurse-medicale\/#website","url":"https:\/\/ringdoc.ro\/resurse-medicale\/","name":"Resurse medicale","description":"Doctor \u0219i re\u021bet\u0103, online de oriunde","publisher":{"@id":"https:\/\/ringdoc.ro\/resurse-medicale\/#organization"},"potentialAction":[{"@type":"SearchAction","target":{"@type":"EntryPoint","urlTemplate":"https:\/\/ringdoc.ro\/resurse-medicale\/?s={search_term_string}"},"query-input":{"@type":"PropertyValueSpecification","valueRequired":true,"valueName":"search_term_string"}}],"inLanguage":"en-US"},{"@type":"Organization","@id":"https:\/\/ringdoc.ro\/resurse-medicale\/#organization","name":"Ringdoc","url":"https:\/\/ringdoc.ro\/resurse-medicale\/","logo":{"@type":"ImageObject","inLanguage":"en-US","@id":"https:\/\/ringdoc.ro\/resurse-medicale\/#\/schema\/logo\/image\/","url":"https:\/\/ringdoc.ro\/resurse-medicale\/wp-content\/uploads\/2026\/03\/ringdoc-logo-blog.webp","contentUrl":"https:\/\/ringdoc.ro\/resurse-medicale\/wp-content\/uploads\/2026\/03\/ringdoc-logo-blog.webp","width":1000,"height":250,"caption":"Ringdoc"},"image":{"@id":"https:\/\/ringdoc.ro\/resurse-medicale\/#\/schema\/logo\/image\/"},"sameAs":["https:\/\/www.facebook.com\/ringdocapp","https:\/\/www.linkedin.com\/company\/ringdocapp\/","https:\/\/www.instagram.com\/ringdocapp\/"]},{"@type":"Person","@id":"https:\/\/ringdoc.ro\/resurse-medicale\/#\/schema\/person\/53cd2ac6fdb265e74fceb1f668253984","name":"Alexandru Andrei"}]}},"_links":{"self":[{"href":"https:\/\/ringdoc.ro\/resurse-medicale\/wp-json\/wp\/v2\/posts\/5004","targetHints":{"allow":["GET"]}}],"collection":[{"href":"https:\/\/ringdoc.ro\/resurse-medicale\/wp-json\/wp\/v2\/posts"}],"about":[{"href":"https:\/\/ringdoc.ro\/resurse-medicale\/wp-json\/wp\/v2\/types\/post"}],"author":[{"embeddable":true,"href":"https:\/\/ringdoc.ro\/resurse-medicale\/wp-json\/wp\/v2\/users\/4"}],"replies":[{"embeddable":true,"href":"https:\/\/ringdoc.ro\/resurse-medicale\/wp-json\/wp\/v2\/comments?post=5004"}],"version-history":[{"count":8,"href":"https:\/\/ringdoc.ro\/resurse-medicale\/wp-json\/wp\/v2\/posts\/5004\/revisions"}],"predecessor-version":[{"id":5015,"href":"https:\/\/ringdoc.ro\/resurse-medicale\/wp-json\/wp\/v2\/posts\/5004\/revisions\/5015"}],"wp:featuredmedia":[{"embeddable":true,"href":"https:\/\/ringdoc.ro\/resurse-medicale\/wp-json\/wp\/v2\/media\/5011"}],"wp:attachment":[{"href":"https:\/\/ringdoc.ro\/resurse-medicale\/wp-json\/wp\/v2\/media?parent=5004"}],"wp:term":[{"taxonomy":"category","embeddable":true,"href":"https:\/\/ringdoc.ro\/resurse-medicale\/wp-json\/wp\/v2\/categories?post=5004"},{"taxonomy":"post_tag","embeddable":true,"href":"https:\/\/ringdoc.ro\/resurse-medicale\/wp-json\/wp\/v2\/tags?post=5004"}],"curies":[{"name":"wp","href":"https:\/\/api.w.org\/{rel}","templated":true}]}}