{"id":587,"date":"2022-03-14T13:27:50","date_gmt":"2022-03-14T13:27:50","guid":{"rendered":"https:\/\/ringdoc.ro\/resurse-medicale\/?p=587"},"modified":"2024-08-23T17:51:46","modified_gmt":"2024-08-23T14:51:46","slug":"astenia-de-primavara-simptome-si-tratament","status":"publish","type":"post","link":"https:\/\/ringdoc.ro\/resurse-medicale\/astenia-de-primavara-simptome-si-tratament\/","title":{"rendered":"Astenia de primavara &#8211; simptome si tratament"},"content":{"rendered":"\t\t<div data-elementor-type=\"wp-post\" data-elementor-id=\"587\" class=\"elementor elementor-587\" data-elementor-post-type=\"post\">\n\t\t\t\t<div class=\"elementor-element elementor-element-1a04c5b0 e-flex e-con-boxed e-con e-parent\" data-id=\"1a04c5b0\" data-element_type=\"container\" data-e-type=\"container\">\n\t\t\t\t\t<div class=\"e-con-inner\">\n\t\t\t\t<div class=\"elementor-element elementor-element-ad29793 elementor-widget elementor-widget-text-editor\" data-id=\"ad29793\" data-element_type=\"widget\" data-e-type=\"widget\" data-widget_type=\"text-editor.default\">\n\t\t\t\t<div class=\"elementor-widget-container\">\n\t\t\t\t\t\t\t\t\t<p>Prim\u0103vara, anotimpul re\u00eennoirii \u0219i al revigor\u0103rii naturii, aduce cu ea nu doar raze de soare \u0219i flori colorate, ci \u0219i o stare de oboseal\u0103 inexplicabil\u0103 pentru unii dintre noi. Aceast\u0103 stare este cunoscut\u0103 sub numele de astenie de prim\u0103var\u0103. Dac\u0103 te-ai sim\u021bit vreodat\u0103 lipsit de energie sau ai avut dificult\u0103\u021bi \u00een a te concentra, chiar \u00een momentele \u00een care ar trebui s\u0103 te sim\u021bi mai energic, este posibil s\u0103 fi experimentat aceast\u0103 afec\u021biune sezonier\u0103.<\/p>\t\t\t\t\t\t\t\t<\/div>\n\t\t\t\t<\/div>\n\t\t\t\t<div class=\"elementor-element elementor-element-5bb5ec04 elementor-widget elementor-widget-heading\" data-id=\"5bb5ec04\" data-element_type=\"widget\" data-e-type=\"widget\" data-widget_type=\"heading.default\">\n\t\t\t\t<div class=\"elementor-widget-container\">\n\t\t\t\t\t<h4 class=\"elementor-heading-title elementor-size-default\">Ce este astenia de prim\u0103var\u0103?<\/h4>\t\t\t\t<\/div>\n\t\t\t\t<\/div>\n\t\t\t\t<div class=\"elementor-element elementor-element-aed717e elementor-widget elementor-widget-text-editor\" data-id=\"aed717e\" data-element_type=\"widget\" data-e-type=\"widget\" data-widget_type=\"text-editor.default\">\n\t\t\t\t<div class=\"elementor-widget-container\">\n\t\t\t\t\t\t\t\t\t<p>Astenia de prim\u0103var\u0103 este o form\u0103 u\u0219oar\u0103 de depresie sezonier\u0103 care apare de obicei la \u00eenceputul prim\u0103verii. Este caracterizat\u0103 de o stare general\u0103 de oboseal\u0103, lips\u0103 de energie, iritabilitate \u0219i dificult\u0103\u021bi de concentrare. De\u0219i nu este o afec\u021biune grav\u0103, poate afecta calitatea vie\u021bii \u0219i performan\u021ba zilnic\u0103.<\/p>\t\t\t\t\t\t\t\t<\/div>\n\t\t\t\t<\/div>\n\t\t\t\t<div class=\"elementor-element elementor-element-2eafb6d elementor-widget elementor-widget-heading\" data-id=\"2eafb6d\" data-element_type=\"widget\" data-e-type=\"widget\" data-widget_type=\"heading.default\">\n\t\t\t\t<div class=\"elementor-widget-container\">\n\t\t\t\t\t<h4 class=\"elementor-heading-title elementor-size-default\">Cauze<\/h4>\t\t\t\t<\/div>\n\t\t\t\t<\/div>\n\t\t\t\t<div class=\"elementor-element elementor-element-146c331 elementor-widget elementor-widget-text-editor\" data-id=\"146c331\" data-element_type=\"widget\" data-e-type=\"widget\" data-widget_type=\"text-editor.default\">\n\t\t\t\t<div class=\"elementor-widget-container\">\n\t\t\t\t\t\t\t\t\t<p>Astenia de prim\u0103var\u0103 este adesea legat\u0103 de schimb\u0103rile de mediu \u0219i de ritmul circadian al organismului. Iat\u0103 c\u00e2teva cauze posibile:<\/p><ul><li><p><strong>Schimb\u0103rile de temperatur\u0103:<\/strong> Trecerea brusc\u0103 de la temperaturile reci ale iernii la cele mai calde ale prim\u0103verii poate solicita organismul s\u0103 se adapteze, ceea ce poate cauza oboseal\u0103.<\/p><\/li><li><p><strong>Cre\u0219terea duratei zilei:<\/strong> Zilele mai lungi pot afecta ciclurile de somn \u0219i pot contribui la tulbur\u0103rile de somn, ceea ce duce la senza\u021bia de oboseal\u0103.<\/p><\/li><li><p><strong>Fluctua\u021biile hormonale:<\/strong> Cre\u0219terea nivelului de melatonin\u0103 \u0219i serotonin\u0103, care sunt influen\u021bate de expunerea la lumin\u0103, poate contribui la starea de astenie.<\/p><\/li><li><p><strong>Lipsa vitaminelor \u0219i a mineralelor:<\/strong> Dup\u0103 o iarn\u0103 lung\u0103, organismul poate fi epuizat de vitamine \u0219i minerale esen\u021biale, ceea ce poate contribui la senza\u021bia de oboseal\u0103.<\/p><\/li><\/ul>\t\t\t\t\t\t\t\t<\/div>\n\t\t\t\t<\/div>\n\t\t\t\t<div class=\"elementor-element elementor-element-a0e1b7a elementor-widget elementor-widget-heading\" data-id=\"a0e1b7a\" data-element_type=\"widget\" data-e-type=\"widget\" data-widget_type=\"heading.default\">\n\t\t\t\t<div class=\"elementor-widget-container\">\n\t\t\t\t\t<h4 class=\"elementor-heading-title elementor-size-default\">Simptome<\/h4>\t\t\t\t<\/div>\n\t\t\t\t<\/div>\n\t\t\t\t<div class=\"elementor-element elementor-element-3c41af43 elementor-widget elementor-widget-text-editor\" data-id=\"3c41af43\" data-element_type=\"widget\" data-e-type=\"widget\" data-widget_type=\"text-editor.default\">\n\t\t\t\t<div class=\"elementor-widget-container\">\n\t\t\t\t\t\t\t\t\t<p>Simptomele asteniei de prim\u0103var\u0103 pot varia de la o persoan\u0103 la alta, dar cele mai comune includ:<\/p><ul><li>Oboseal\u0103 persistent\u0103, chiar \u0219i dup\u0103 odihn\u0103 suficient\u0103<\/li><li>Dificult\u0103\u021bi de concentrare \u0219i sc\u0103derea performan\u021bei mentale<\/li><li>Iritabilitate \u0219i schimb\u0103ri de dispozi\u021bie<\/li><li>Sc\u0103derea interesului pentru activit\u0103\u021bi obi\u0219nuite<\/li><li>Tulbur\u0103ri de somn, cum ar fi insomnie sau somn agitat<\/li><li>Sc\u0103derea apetitului sau pofte alimentare neobi\u0219nuite<\/li><\/ul>\t\t\t\t\t\t\t\t<\/div>\n\t\t\t\t<\/div>\n\t\t\t\t<div class=\"elementor-element elementor-element-968fd3d elementor-widget elementor-widget-heading\" data-id=\"968fd3d\" data-element_type=\"widget\" data-e-type=\"widget\" data-widget_type=\"heading.default\">\n\t\t\t\t<div class=\"elementor-widget-container\">\n\t\t\t\t\t<h4 class=\"elementor-heading-title elementor-size-default\">Cum s\u0103 comb\u021bi astenia de prim\u0103var\u0103<\/h4>\t\t\t\t<\/div>\n\t\t\t\t<\/div>\n\t\t\t\t<div class=\"elementor-element elementor-element-c1b72f6 elementor-widget elementor-widget-text-editor\" data-id=\"c1b72f6\" data-element_type=\"widget\" data-e-type=\"widget\" data-widget_type=\"text-editor.default\">\n\t\t\t\t<div class=\"elementor-widget-container\">\n\t\t\t\t\t\t\t\t\t<p>De\u0219i astenia de prim\u0103var\u0103 este temporar\u0103, exist\u0103 c\u00e2teva modalit\u0103\u021bi prin care po\u021bi reduce impactul acesteia \u0219i te po\u021bi sim\u021bi mai energic:<\/p><ol><li><p><strong>Petrece timp \u00een aer liber:<\/strong> Expunerea la lumina natural\u0103 este esen\u021bial\u0103 pentru reglarea ritmului circadian \u0219i pentru cre\u0219terea nivelului de serotonin\u0103, un hormon care \u00eembun\u0103t\u0103\u021be\u0219te starea de spirit.<\/p><\/li><li><p><strong>Adopt\u0103 o alimenta\u021bie echilibrat\u0103:<\/strong> Consum\u0103 alimente bogate \u00een vitamine \u0219i minerale, cum ar fi fructele \u0219i legumele proaspete, cerealele integrale \u0219i proteinele slabe. Evit\u0103 alimentele procesate \u0219i zah\u0103rul rafinat, care pot duce la fluctua\u021bii ale energiei. <span style=\"color: #ff6a39;\"><a style=\"color: #ff6a39;\" href=\"https:\/\/blog.ringdoc.ro\/ce-sunt-super-alimentele\/\">Super-alimentele<\/a><\/span> te vor ajuta.<\/p><\/li><li><p><strong>Exerci\u021bii fizice regulate:<\/strong> <span style=\"color: #ff6a39;\"><a style=\"color: #ff6a39;\" href=\"https:\/\/blog.ringdoc.ro\/rolul-exercitiilor-fizice-pentru-sanatate\/\">Activitatea fizic\u0103<\/a><\/span> ajut\u0103 la eliberarea endorfinelor, hormoni care \u00eembun\u0103t\u0103\u021besc starea de spirit \u0219i reduc senza\u021bia de oboseal\u0103. \u00cencearc\u0103 s\u0103 faci exerci\u021bii moderate, cum ar fi mersul pe jos, joggingul sau yoga.\u00a0<\/p><\/li><li><p><strong>Hidrateaz\u0103-te corespunz\u0103tor:<\/strong> Asigur\u0103-te c\u0103 bei suficient\u0103 ap\u0103 pe parcursul zilei, deoarece deshidratarea poate contribui la senza\u021bia de oboseal\u0103.<\/p><\/li><li><p><strong>Odihne\u0219te-te suficient:<\/strong> Respect\u0103 un program de <span style=\"color: #ff6a39;\">somn<\/span> regulat \u0219i asigur\u0103-te c\u0103 dormi cel pu\u021bin 7-8 ore pe noapte. Un somn odihnitor este esen\u021bial pentru refacerea energiei.<\/p><\/li><li><p><strong>Ia suplimente dac\u0103 este necesar:<\/strong> Dac\u0103 sim\u021bi c\u0103 dieta ta nu este suficient de variat\u0103, discut\u0103 cu un medic despre posibilitatea de a lua suplimente de vitamine \u0219i minerale, cum ar fi vitamina D, magneziu sau complexul de vitamine B.<\/p><\/li><\/ol>\t\t\t\t\t\t\t\t<\/div>\n\t\t\t\t<\/div>\n\t\t\t\t<div class=\"elementor-element elementor-element-998b6be elementor-widget elementor-widget-heading\" data-id=\"998b6be\" data-element_type=\"widget\" data-e-type=\"widget\" data-widget_type=\"heading.default\">\n\t\t\t\t<div class=\"elementor-widget-container\">\n\t\t\t\t\t<h4 class=\"elementor-heading-title elementor-size-default\">Concluzie<\/h4>\t\t\t\t<\/div>\n\t\t\t\t<\/div>\n\t\t\t\t<div class=\"elementor-element elementor-element-6717711 elementor-widget elementor-widget-text-editor\" data-id=\"6717711\" data-element_type=\"widget\" data-e-type=\"widget\" data-widget_type=\"text-editor.default\">\n\t\t\t\t<div class=\"elementor-widget-container\">\n\t\t\t\t\t\t\t\t\t<p>Astenia de prim\u0103var\u0103 poate fi un inconvenient sezonier, dar cu c\u00e2teva ajust\u0103ri \u00een stilul de via\u021b\u0103 \u0219i cu aten\u021bie la nevoile organismului t\u0103u, po\u021bi dep\u0103\u0219i aceast\u0103 perioad\u0103 cu energie \u0219i optimism. Ascult\u0103-\u021bi corpul, odihne\u0219te-te c\u00e2nd este necesar \u0219i profit\u0103 de frumuse\u021bea prim\u0103verii pentru a-\u021bi re\u00eenc\u0103rca bateriile.<\/p>\t\t\t\t\t\t\t\t<\/div>\n\t\t\t\t<\/div>\n\t\t\t\t\t<\/div>\n\t\t\t\t<\/div>\n\t\t\t\t<\/div>\n\t\t","protected":false},"excerpt":{"rendered":"<p>Prim\u0103vara, anotimpul re\u00eennoirii \u0219i al revigor\u0103rii naturii, aduce cu ea nu doar raze de soare \u0219i flori colorate, ci \u0219i o stare de oboseal\u0103 inexplicabil\u0103 pentru unii dintre noi. Aceast\u0103 stare este cunoscut\u0103 sub numele de astenie de prim\u0103var\u0103. Dac\u0103 te-ai sim\u021bit vreodat\u0103 lipsit de energie sau ai avut dificult\u0103\u021bi \u00een a te concentra, chiar [&hellip;]<\/p>\n","protected":false},"author":1,"featured_media":3735,"comment_status":"closed","ping_status":"closed","sticky":false,"template":"","format":"standard","meta":{"footnotes":""},"categories":[80],"tags":[13,40],"class_list":["post-587","post","type-post","status-publish","format-standard","has-post-thumbnail","hentry","category-medicina-generala","tag-astenia-de-primavara","tag-energie"],"yoast_head":"<!-- This site is optimized with the Yoast SEO Premium plugin v27.4 (Yoast SEO v27.4) - https:\/\/yoast.com\/product\/yoast-seo-premium-wordpress\/ -->\n<title>Astenia de primavara - simptome si tratament<\/title>\n<meta name=\"description\" content=\"Un articol care prezint\u0103 pe scurt, concis ce este astenia de primavara \u0219i care sunt simptomele \u0219i tratamentul acesteia\" \/>\n<meta name=\"robots\" content=\"index, follow, max-snippet:-1, max-image-preview:large, max-video-preview:-1\" \/>\n<link rel=\"canonical\" href=\"https:\/\/ringdoc.ro\/resurse-medicale\/astenia-de-primavara-simptome-si-tratament\/\" \/>\n<meta property=\"og:locale\" content=\"en_US\" \/>\n<meta property=\"og:type\" content=\"article\" \/>\n<meta property=\"og:title\" content=\"Astenia de primavara - simptome si tratament\" \/>\n<meta property=\"og:description\" content=\"Un articol care prezint\u0103 pe scurt, concis ce este astenia de primavara \u0219i care sunt simptomele \u0219i tratamentul acesteia\" \/>\n<meta property=\"og:url\" content=\"https:\/\/ringdoc.ro\/resurse-medicale\/astenia-de-primavara-simptome-si-tratament\/\" \/>\n<meta property=\"og:site_name\" content=\"Ringdoc - Resurse medicale\" \/>\n<meta property=\"article:publisher\" content=\"https:\/\/www.facebook.com\/ringdocapp\" \/>\n<meta property=\"article:published_time\" content=\"2022-03-14T13:27:50+00:00\" \/>\n<meta property=\"article:modified_time\" content=\"2024-08-23T14:51:46+00:00\" \/>\n<meta property=\"og:image\" content=\"https:\/\/ringdoc.ro\/resurse-medicale\/wp-content\/uploads\/2022\/03\/astenia-de-primavara-1.jpg\" \/>\n\t<meta property=\"og:image:width\" content=\"2000\" \/>\n\t<meta property=\"og:image:height\" content=\"1200\" \/>\n\t<meta property=\"og:image:type\" content=\"image\/jpeg\" \/>\n<meta name=\"author\" content=\"marketing\" \/>\n<script type=\"application\/ld+json\" class=\"yoast-schema-graph\">{\"@context\":\"https:\\\/\\\/schema.org\",\"@graph\":[{\"@type\":\"Article\",\"@id\":\"https:\\\/\\\/ringdoc.ro\\\/resurse-medicale\\\/astenia-de-primavara-simptome-si-tratament\\\/#article\",\"isPartOf\":{\"@id\":\"https:\\\/\\\/ringdoc.ro\\\/resurse-medicale\\\/astenia-de-primavara-simptome-si-tratament\\\/\"},\"author\":{\"name\":\"marketing\",\"@id\":\"https:\\\/\\\/ringdoc.ro\\\/resurse-medicale\\\/#\\\/schema\\\/person\\\/5d8f0cfc57980220f3b7ac836892258c\"},\"headline\":\"Astenia de primavara &#8211; simptome si tratament\",\"datePublished\":\"2022-03-14T13:27:50+00:00\",\"dateModified\":\"2024-08-23T14:51:46+00:00\",\"mainEntityOfPage\":{\"@id\":\"https:\\\/\\\/ringdoc.ro\\\/resurse-medicale\\\/astenia-de-primavara-simptome-si-tratament\\\/\"},\"wordCount\":660,\"publisher\":{\"@id\":\"https:\\\/\\\/ringdoc.ro\\\/resurse-medicale\\\/#organization\"},\"image\":{\"@id\":\"https:\\\/\\\/ringdoc.ro\\\/resurse-medicale\\\/astenia-de-primavara-simptome-si-tratament\\\/#primaryimage\"},\"thumbnailUrl\":\"https:\\\/\\\/ringdoc.ro\\\/resurse-medicale\\\/wp-content\\\/uploads\\\/2022\\\/03\\\/astenia-de-primavara-1.jpg\",\"keywords\":[\"Astenia de prim\u0103var\u0103\",\"Energie\"],\"articleSection\":[\"Medicin\u0103 general\u0103\"],\"inLanguage\":\"en-US\"},{\"@type\":\"WebPage\",\"@id\":\"https:\\\/\\\/ringdoc.ro\\\/resurse-medicale\\\/astenia-de-primavara-simptome-si-tratament\\\/\",\"url\":\"https:\\\/\\\/ringdoc.ro\\\/resurse-medicale\\\/astenia-de-primavara-simptome-si-tratament\\\/\",\"name\":\"Astenia de primavara - simptome si tratament\",\"isPartOf\":{\"@id\":\"https:\\\/\\\/ringdoc.ro\\\/resurse-medicale\\\/#website\"},\"primaryImageOfPage\":{\"@id\":\"https:\\\/\\\/ringdoc.ro\\\/resurse-medicale\\\/astenia-de-primavara-simptome-si-tratament\\\/#primaryimage\"},\"image\":{\"@id\":\"https:\\\/\\\/ringdoc.ro\\\/resurse-medicale\\\/astenia-de-primavara-simptome-si-tratament\\\/#primaryimage\"},\"thumbnailUrl\":\"https:\\\/\\\/ringdoc.ro\\\/resurse-medicale\\\/wp-content\\\/uploads\\\/2022\\\/03\\\/astenia-de-primavara-1.jpg\",\"datePublished\":\"2022-03-14T13:27:50+00:00\",\"dateModified\":\"2024-08-23T14:51:46+00:00\",\"description\":\"Un articol care prezint\u0103 pe scurt, concis ce este astenia de primavara \u0219i care sunt simptomele \u0219i tratamentul acesteia\",\"breadcrumb\":{\"@id\":\"https:\\\/\\\/ringdoc.ro\\\/resurse-medicale\\\/astenia-de-primavara-simptome-si-tratament\\\/#breadcrumb\"},\"inLanguage\":\"en-US\",\"potentialAction\":[{\"@type\":\"ReadAction\",\"target\":[\"https:\\\/\\\/ringdoc.ro\\\/resurse-medicale\\\/astenia-de-primavara-simptome-si-tratament\\\/\"]}]},{\"@type\":\"ImageObject\",\"inLanguage\":\"en-US\",\"@id\":\"https:\\\/\\\/ringdoc.ro\\\/resurse-medicale\\\/astenia-de-primavara-simptome-si-tratament\\\/#primaryimage\",\"url\":\"https:\\\/\\\/ringdoc.ro\\\/resurse-medicale\\\/wp-content\\\/uploads\\\/2022\\\/03\\\/astenia-de-primavara-1.jpg\",\"contentUrl\":\"https:\\\/\\\/ringdoc.ro\\\/resurse-medicale\\\/wp-content\\\/uploads\\\/2022\\\/03\\\/astenia-de-primavara-1.jpg\",\"width\":2000,\"height\":1200,\"caption\":\"astenia de primavara\"},{\"@type\":\"BreadcrumbList\",\"@id\":\"https:\\\/\\\/ringdoc.ro\\\/resurse-medicale\\\/astenia-de-primavara-simptome-si-tratament\\\/#breadcrumb\",\"itemListElement\":[{\"@type\":\"ListItem\",\"position\":1,\"name\":\"Prima pagin\u0103\",\"item\":\"https:\\\/\\\/ringdoc.ro\\\/resurse-medicale\\\/\"},{\"@type\":\"ListItem\",\"position\":2,\"name\":\"Astenia de primavara &#8211; simptome si tratament\"}]},{\"@type\":\"WebSite\",\"@id\":\"https:\\\/\\\/ringdoc.ro\\\/resurse-medicale\\\/#website\",\"url\":\"https:\\\/\\\/ringdoc.ro\\\/resurse-medicale\\\/\",\"name\":\"Resurse medicale\",\"description\":\"Doctor \u0219i re\u021bet\u0103, online de oriunde\",\"publisher\":{\"@id\":\"https:\\\/\\\/ringdoc.ro\\\/resurse-medicale\\\/#organization\"},\"potentialAction\":[{\"@type\":\"SearchAction\",\"target\":{\"@type\":\"EntryPoint\",\"urlTemplate\":\"https:\\\/\\\/ringdoc.ro\\\/resurse-medicale\\\/?s={search_term_string}\"},\"query-input\":{\"@type\":\"PropertyValueSpecification\",\"valueRequired\":true,\"valueName\":\"search_term_string\"}}],\"inLanguage\":\"en-US\"},{\"@type\":\"Organization\",\"@id\":\"https:\\\/\\\/ringdoc.ro\\\/resurse-medicale\\\/#organization\",\"name\":\"Ringdoc\",\"url\":\"https:\\\/\\\/ringdoc.ro\\\/resurse-medicale\\\/\",\"logo\":{\"@type\":\"ImageObject\",\"inLanguage\":\"en-US\",\"@id\":\"https:\\\/\\\/ringdoc.ro\\\/resurse-medicale\\\/#\\\/schema\\\/logo\\\/image\\\/\",\"url\":\"https:\\\/\\\/ringdoc.ro\\\/resurse-medicale\\\/wp-content\\\/uploads\\\/2026\\\/03\\\/ringdoc-logo-blog.webp\",\"contentUrl\":\"https:\\\/\\\/ringdoc.ro\\\/resurse-medicale\\\/wp-content\\\/uploads\\\/2026\\\/03\\\/ringdoc-logo-blog.webp\",\"width\":1000,\"height\":250,\"caption\":\"Ringdoc\"},\"image\":{\"@id\":\"https:\\\/\\\/ringdoc.ro\\\/resurse-medicale\\\/#\\\/schema\\\/logo\\\/image\\\/\"},\"sameAs\":[\"https:\\\/\\\/www.facebook.com\\\/ringdocapp\",\"https:\\\/\\\/www.linkedin.com\\\/company\\\/ringdocapp\\\/\",\"https:\\\/\\\/www.instagram.com\\\/ringdocapp\\\/\"]},{\"@type\":\"Person\",\"@id\":\"https:\\\/\\\/ringdoc.ro\\\/resurse-medicale\\\/#\\\/schema\\\/person\\\/5d8f0cfc57980220f3b7ac836892258c\",\"name\":\"marketing\",\"sameAs\":[\"https:\\\/\\\/ringdoc.ro\\\/resurse-medicale\"]}]}<\/script>\n<!-- \/ Yoast SEO Premium plugin. -->","yoast_head_json":{"title":"Astenia de primavara - simptome si tratament","description":"Un articol care prezint\u0103 pe scurt, concis ce este astenia de primavara \u0219i care sunt simptomele \u0219i tratamentul acesteia","robots":{"index":"index","follow":"follow","max-snippet":"max-snippet:-1","max-image-preview":"max-image-preview:large","max-video-preview":"max-video-preview:-1"},"canonical":"https:\/\/ringdoc.ro\/resurse-medicale\/astenia-de-primavara-simptome-si-tratament\/","og_locale":"en_US","og_type":"article","og_title":"Astenia de primavara - simptome si tratament","og_description":"Un articol care prezint\u0103 pe scurt, concis ce este astenia de primavara \u0219i care sunt simptomele \u0219i tratamentul acesteia","og_url":"https:\/\/ringdoc.ro\/resurse-medicale\/astenia-de-primavara-simptome-si-tratament\/","og_site_name":"Ringdoc - Resurse medicale","article_publisher":"https:\/\/www.facebook.com\/ringdocapp","article_published_time":"2022-03-14T13:27:50+00:00","article_modified_time":"2024-08-23T14:51:46+00:00","og_image":[{"width":2000,"height":1200,"url":"https:\/\/ringdoc.ro\/resurse-medicale\/wp-content\/uploads\/2022\/03\/astenia-de-primavara-1.jpg","type":"image\/jpeg"}],"author":"marketing","schema":{"@context":"https:\/\/schema.org","@graph":[{"@type":"Article","@id":"https:\/\/ringdoc.ro\/resurse-medicale\/astenia-de-primavara-simptome-si-tratament\/#article","isPartOf":{"@id":"https:\/\/ringdoc.ro\/resurse-medicale\/astenia-de-primavara-simptome-si-tratament\/"},"author":{"name":"marketing","@id":"https:\/\/ringdoc.ro\/resurse-medicale\/#\/schema\/person\/5d8f0cfc57980220f3b7ac836892258c"},"headline":"Astenia de primavara &#8211; simptome si tratament","datePublished":"2022-03-14T13:27:50+00:00","dateModified":"2024-08-23T14:51:46+00:00","mainEntityOfPage":{"@id":"https:\/\/ringdoc.ro\/resurse-medicale\/astenia-de-primavara-simptome-si-tratament\/"},"wordCount":660,"publisher":{"@id":"https:\/\/ringdoc.ro\/resurse-medicale\/#organization"},"image":{"@id":"https:\/\/ringdoc.ro\/resurse-medicale\/astenia-de-primavara-simptome-si-tratament\/#primaryimage"},"thumbnailUrl":"https:\/\/ringdoc.ro\/resurse-medicale\/wp-content\/uploads\/2022\/03\/astenia-de-primavara-1.jpg","keywords":["Astenia de prim\u0103var\u0103","Energie"],"articleSection":["Medicin\u0103 general\u0103"],"inLanguage":"en-US"},{"@type":"WebPage","@id":"https:\/\/ringdoc.ro\/resurse-medicale\/astenia-de-primavara-simptome-si-tratament\/","url":"https:\/\/ringdoc.ro\/resurse-medicale\/astenia-de-primavara-simptome-si-tratament\/","name":"Astenia de primavara - simptome si tratament","isPartOf":{"@id":"https:\/\/ringdoc.ro\/resurse-medicale\/#website"},"primaryImageOfPage":{"@id":"https:\/\/ringdoc.ro\/resurse-medicale\/astenia-de-primavara-simptome-si-tratament\/#primaryimage"},"image":{"@id":"https:\/\/ringdoc.ro\/resurse-medicale\/astenia-de-primavara-simptome-si-tratament\/#primaryimage"},"thumbnailUrl":"https:\/\/ringdoc.ro\/resurse-medicale\/wp-content\/uploads\/2022\/03\/astenia-de-primavara-1.jpg","datePublished":"2022-03-14T13:27:50+00:00","dateModified":"2024-08-23T14:51:46+00:00","description":"Un articol care prezint\u0103 pe scurt, concis ce este astenia de primavara \u0219i care sunt simptomele \u0219i tratamentul acesteia","breadcrumb":{"@id":"https:\/\/ringdoc.ro\/resurse-medicale\/astenia-de-primavara-simptome-si-tratament\/#breadcrumb"},"inLanguage":"en-US","potentialAction":[{"@type":"ReadAction","target":["https:\/\/ringdoc.ro\/resurse-medicale\/astenia-de-primavara-simptome-si-tratament\/"]}]},{"@type":"ImageObject","inLanguage":"en-US","@id":"https:\/\/ringdoc.ro\/resurse-medicale\/astenia-de-primavara-simptome-si-tratament\/#primaryimage","url":"https:\/\/ringdoc.ro\/resurse-medicale\/wp-content\/uploads\/2022\/03\/astenia-de-primavara-1.jpg","contentUrl":"https:\/\/ringdoc.ro\/resurse-medicale\/wp-content\/uploads\/2022\/03\/astenia-de-primavara-1.jpg","width":2000,"height":1200,"caption":"astenia de primavara"},{"@type":"BreadcrumbList","@id":"https:\/\/ringdoc.ro\/resurse-medicale\/astenia-de-primavara-simptome-si-tratament\/#breadcrumb","itemListElement":[{"@type":"ListItem","position":1,"name":"Prima pagin\u0103","item":"https:\/\/ringdoc.ro\/resurse-medicale\/"},{"@type":"ListItem","position":2,"name":"Astenia de primavara &#8211; simptome si tratament"}]},{"@type":"WebSite","@id":"https:\/\/ringdoc.ro\/resurse-medicale\/#website","url":"https:\/\/ringdoc.ro\/resurse-medicale\/","name":"Resurse medicale","description":"Doctor \u0219i re\u021bet\u0103, online de oriunde","publisher":{"@id":"https:\/\/ringdoc.ro\/resurse-medicale\/#organization"},"potentialAction":[{"@type":"SearchAction","target":{"@type":"EntryPoint","urlTemplate":"https:\/\/ringdoc.ro\/resurse-medicale\/?s={search_term_string}"},"query-input":{"@type":"PropertyValueSpecification","valueRequired":true,"valueName":"search_term_string"}}],"inLanguage":"en-US"},{"@type":"Organization","@id":"https:\/\/ringdoc.ro\/resurse-medicale\/#organization","name":"Ringdoc","url":"https:\/\/ringdoc.ro\/resurse-medicale\/","logo":{"@type":"ImageObject","inLanguage":"en-US","@id":"https:\/\/ringdoc.ro\/resurse-medicale\/#\/schema\/logo\/image\/","url":"https:\/\/ringdoc.ro\/resurse-medicale\/wp-content\/uploads\/2026\/03\/ringdoc-logo-blog.webp","contentUrl":"https:\/\/ringdoc.ro\/resurse-medicale\/wp-content\/uploads\/2026\/03\/ringdoc-logo-blog.webp","width":1000,"height":250,"caption":"Ringdoc"},"image":{"@id":"https:\/\/ringdoc.ro\/resurse-medicale\/#\/schema\/logo\/image\/"},"sameAs":["https:\/\/www.facebook.com\/ringdocapp","https:\/\/www.linkedin.com\/company\/ringdocapp\/","https:\/\/www.instagram.com\/ringdocapp\/"]},{"@type":"Person","@id":"https:\/\/ringdoc.ro\/resurse-medicale\/#\/schema\/person\/5d8f0cfc57980220f3b7ac836892258c","name":"marketing","sameAs":["https:\/\/ringdoc.ro\/resurse-medicale"]}]}},"_links":{"self":[{"href":"https:\/\/ringdoc.ro\/resurse-medicale\/wp-json\/wp\/v2\/posts\/587","targetHints":{"allow":["GET"]}}],"collection":[{"href":"https:\/\/ringdoc.ro\/resurse-medicale\/wp-json\/wp\/v2\/posts"}],"about":[{"href":"https:\/\/ringdoc.ro\/resurse-medicale\/wp-json\/wp\/v2\/types\/post"}],"author":[{"embeddable":true,"href":"https:\/\/ringdoc.ro\/resurse-medicale\/wp-json\/wp\/v2\/users\/1"}],"replies":[{"embeddable":true,"href":"https:\/\/ringdoc.ro\/resurse-medicale\/wp-json\/wp\/v2\/comments?post=587"}],"version-history":[{"count":0,"href":"https:\/\/ringdoc.ro\/resurse-medicale\/wp-json\/wp\/v2\/posts\/587\/revisions"}],"wp:featuredmedia":[{"embeddable":true,"href":"https:\/\/ringdoc.ro\/resurse-medicale\/wp-json\/wp\/v2\/media\/3735"}],"wp:attachment":[{"href":"https:\/\/ringdoc.ro\/resurse-medicale\/wp-json\/wp\/v2\/media?parent=587"}],"wp:term":[{"taxonomy":"category","embeddable":true,"href":"https:\/\/ringdoc.ro\/resurse-medicale\/wp-json\/wp\/v2\/categories?post=587"},{"taxonomy":"post_tag","embeddable":true,"href":"https:\/\/ringdoc.ro\/resurse-medicale\/wp-json\/wp\/v2\/tags?post=587"}],"curies":[{"name":"wp","href":"https:\/\/api.w.org\/{rel}","templated":true}]}}