{"id":673,"date":"2022-12-16T15:09:33","date_gmt":"2022-12-16T13:09:33","guid":{"rendered":"https:\/\/ringdoc.ro\/resurse-medicale\/?p=673"},"modified":"2024-08-27T12:11:35","modified_gmt":"2024-08-27T09:11:35","slug":"convulsiile-febrile-cauze-simptome-si-tratament","status":"publish","type":"post","link":"https:\/\/ringdoc.ro\/resurse-medicale\/convulsiile-febrile-cauze-simptome-si-tratament\/","title":{"rendered":"Convulsiile febrile \u2013 cauze, simptome \u0219i tratament"},"content":{"rendered":"\t\t<div data-elementor-type=\"wp-post\" data-elementor-id=\"673\" class=\"elementor elementor-673\" data-elementor-post-type=\"post\">\n\t\t\t\t<div class=\"elementor-element elementor-element-5498856f e-flex e-con-boxed e-con e-parent\" data-id=\"5498856f\" data-element_type=\"container\" data-e-type=\"container\">\n\t\t\t\t\t<div class=\"e-con-inner\">\n\t\t\t\t<div class=\"elementor-element elementor-element-3bb88243 elementor-widget elementor-widget-text-editor\" data-id=\"3bb88243\" data-element_type=\"widget\" data-e-type=\"widget\" data-widget_type=\"text-editor.default\">\n\t\t\t\t<div class=\"elementor-widget-container\">\n\t\t\t\t\t\t\t\t\t<p><strong>Defini\u021bie<\/strong>: o criz\u0103 de tip epileptic care survine la copil, ce asociaz\u0103 febra, poate fi unic\u0103 sau se poate repeta de mai multe ori. Apare la copilul de peste o lun\u0103 p\u00e2n\u0103 la v\u00e2rsta de 5 ani, rar p\u00e2n\u0103 la 6 ani.<\/p><p><strong>Convulsiile febrile<\/strong>\u00a0sunt cele mai frecvente tulbur\u0103ri neurologice ale sugarilor \u0219i copiilor mici. Pentru mul\u021bi p\u0103rin\u021bi, acestea sunt impresionante \u0219i pot fi motiv de panic\u0103 \u0219i chiar au impresia c\u0103 \u00ee\u0219i pot pierde copiii.<\/p>\t\t\t\t\t\t\t\t<\/div>\n\t\t\t\t<\/div>\n\t\t\t\t<div class=\"elementor-element elementor-element-1e3f9660 elementor-widget elementor-widget-heading\" data-id=\"1e3f9660\" data-element_type=\"widget\" data-e-type=\"widget\" data-widget_type=\"heading.default\">\n\t\t\t\t<div class=\"elementor-widget-container\">\n\t\t\t\t\t<h4 class=\"elementor-heading-title elementor-size-default\">Cum arat\u0103 crizele?<\/h4>\t\t\t\t<\/div>\n\t\t\t\t<\/div>\n\t\t\t\t<div class=\"elementor-element elementor-element-ac95f4d elementor-widget elementor-widget-text-editor\" data-id=\"ac95f4d\" data-element_type=\"widget\" data-e-type=\"widget\" data-widget_type=\"text-editor.default\">\n\t\t\t\t<div class=\"elementor-widget-container\">\n\t\t\t\t\t\t\t\t\t<p>Acestea sunt crize paroxistice , caracterizate prin contrac\u021bii involuntare ale musculaturii striate (<em>tonice, clonice, tonico-clonice sau hipoton<\/em>), determinate de desc\u0103rc\u0103ri\u00a0 anormale ale neuronilor corticali, asociate sau nu cu tulbur\u0103ri ale st\u0103rii de con\u0219tien\u021b\u0103, senzoriale\u00a0 sau vegetative, percepute de bolnav sau de cei din jur. P\u0103rin\u021bii observa ca cel mic da ochii peste cap\/privire fixa, se \u00eenvine\u021be\u0219te la guri\u021b\u0103, le curge saliva, maxilarul este \u00eencle\u0219tat, se aude o respira\u021bie \u00eengreunata \u2013 stertoroasa, sunt \u00eencorda\u021bi, nu pot fi mobiliza\u021bi,\u00a0 tremura la nivelul \u00eentregului corp.<\/p><p>\u00cen majoritatea cazurilor, ele apar datorit\u0103 unei patologii benigne \u0219i nu pun problem sau risc de a asocia epilepsie pe viitor.<\/p><p>Dup\u0103 terminarea crizei p\u0103rin\u021bii vor fi aten\u021bi dac\u0103 cel mic \u00ee\u0219i reia activitatea, s\u0103 fie aten\u021bi la mi\u0219c\u0103rile m\u00e2nu\u021belor si picioru\u0219elor dac\u0103 sunt simetrice, dac\u0103 au tulbur\u0103ri de echilibru, dac\u0103 r\u0103spund la c\u00e2teva \u00eentreb\u0103ri uzuale. Aceste detalii vor fi necesare medicului neurolog pediatru pentru a putea stabili conduita terapeutic\u0103 ulterioar\u0103. \u00centr-adev\u0103r ar fi de mare ajutor dac\u0103 p\u0103rin\u021bii sau apar\u021bin\u0103torii ar filma evenimentul, de\u0219i este greu de crezut c\u0103 mai po\u021bi \u0219i filma \u00een acele momente.<\/p><p>Este important de \u0219tiut c\u0103 o convulsie febril\u0103 simpl\u0103 cu durat\u0103 scurt\u0103 nu pune \u00een pericol via\u021ba copilului.<\/p>\t\t\t\t\t\t\t\t<\/div>\n\t\t\t\t<\/div>\n\t\t\t\t<div class=\"elementor-element elementor-element-20ff434 elementor-widget elementor-widget-heading\" data-id=\"20ff434\" data-element_type=\"widget\" data-e-type=\"widget\" data-widget_type=\"heading.default\">\n\t\t\t\t<div class=\"elementor-widget-container\">\n\t\t\t\t\t<h4 class=\"elementor-heading-title elementor-size-default\">Tipuri de convulsii febrile<\/h4>\t\t\t\t<\/div>\n\t\t\t\t<\/div>\n\t\t\t\t<div class=\"elementor-element elementor-element-be2929b elementor-widget elementor-widget-text-editor\" data-id=\"be2929b\" data-element_type=\"widget\" data-e-type=\"widget\" data-widget_type=\"text-editor.default\">\n\t\t\t\t<div class=\"elementor-widget-container\">\n\t\t\t\t\t\t\t\t\t<p>Sunt descrise dou\u0103 tipuri de crize \u2013 simple \u0219i complexe.<\/p><p><strong>Crizele<\/strong> <strong>febrile<\/strong> <strong>simple<\/strong> apar datorita unei cre\u0219teri a temperaturii, &gt; 38.5<sup>0\u00a0<\/sup>C, sub forma unei singure crize generalizate (<em>privire fixa sau ochi da\u021bi peste cap, \u00eencordare, \u2018\u2019 tremor\u2019\u2019 la nivelul \u00eentregului corp),<\/em>\u00a0cu durata p\u00e2n\u0103 \u00een 15 min, cu revenire spontan\u0103 (<em>nu este nevoie de tratament \u0219i se opresc singure<\/em>), f\u0103r\u0103 alte deficite postcritice.<\/p><p><strong>Crizele<\/strong> <strong>febrile<\/strong> <strong>complexe<\/strong> sunt prelungite, repetate, pe parcursul a 24 h, av\u00e2nd semen de focalizare, cu deficit postcritic\u00a0<em>(\u2018\u2019tremor\u2019\u2019 doar pe un hemicorp, sau la un singur membru, ulterior nu pot folosi adecvat membrele pentru o anumita perioada<\/em>). Acestea sunt frecvent asociate celor cu suferin\u021ba cerebral\u0103 anterioar\u0103 (<em>\u00een majoritatea cazurilor fiind nevoie de tratamentul de urgen\u021b\u0103 \u2013 Diazepam Desitin intra rectal<\/em>).<\/p>\t\t\t\t\t\t\t\t<\/div>\n\t\t\t\t<\/div>\n\t\t\t\t<div class=\"elementor-element elementor-element-aece9b4 elementor-widget elementor-widget-heading\" data-id=\"aece9b4\" data-element_type=\"widget\" data-e-type=\"widget\" data-widget_type=\"heading.default\">\n\t\t\t\t<div class=\"elementor-widget-container\">\n\t\t\t\t\t<h4 class=\"elementor-heading-title elementor-size-default\">Copilul trebuie investigat?<\/h4>\t\t\t\t<\/div>\n\t\t\t\t<\/div>\n\t\t\t\t<div class=\"elementor-element elementor-element-54587d1 elementor-widget elementor-widget-text-editor\" data-id=\"54587d1\" data-element_type=\"widget\" data-e-type=\"widget\" data-widget_type=\"text-editor.default\">\n\t\t\t\t<div class=\"elementor-widget-container\">\n\t\t\t\t\t\t\t\t\t<p>La majoritatea copiilor cu convulsii febrile nu sunt necesare investiga\u021bii suplimentare, ci doar tratarea\u00a0 infec\u021biei si combaterea febrei\u00a0 cu\u00a0 antipiretice. Efectuarea unei\u00a0 Electroencefalograme (EEG) este necesar\u0103 pentru convulsiile febrile complexe. Analiza de urin\u0103 poate fi necesar\u0103 la pacien\u021bii f\u0103r\u0103 focare evidente de infec\u021bie.<\/p><p>EEG nu ar trebui recomandat\u0103 de rutin\u0103 la copilul cu convulsie febril\u0103 simpl\u0103, deoarece:<\/p><ul><li>nu prezice dac\u0103 bolnavul urmeaz\u0103 s\u0103 mai fac\u0103 o nou\u0103 criza<\/li><li>anomaliile epileptiforme le putem \u00eent\u00e2lni si \u00een popula\u021bia generala, asta nu \u00eenseamn\u0103 c\u0103 este ceva patologic<\/li><li>EEG poate avea un rol limitat \u00een diagnosticul tulbur\u0103rilor encefalopatice acute dac\u0103 un copil r\u0103m\u00e2ne encefalopatic pentru mai mult timp dec\u00e2t \u00een mod normal, ca urmare a unei convulsii febrile<\/li><li>poate fi si un factor de stres pentru p\u0103rin\u021bi<\/li><\/ul>\t\t\t\t\t\t\t\t<\/div>\n\t\t\t\t<\/div>\n\t\t\t\t<div class=\"elementor-element elementor-element-05556a1 elementor-widget elementor-widget-heading\" data-id=\"05556a1\" data-element_type=\"widget\" data-e-type=\"widget\" data-widget_type=\"heading.default\">\n\t\t\t\t<div class=\"elementor-widget-container\">\n\t\t\t\t\t<h4 class=\"elementor-heading-title elementor-size-default\">Ce trebuie s\u0103 facem \u00een cazul apari\u021biei unei crize convulsive?<\/h4>\t\t\t\t<\/div>\n\t\t\t\t<\/div>\n\t\t\t\t<div class=\"elementor-element elementor-element-0c5ad11 elementor-widget elementor-widget-text-editor\" data-id=\"0c5ad11\" data-element_type=\"widget\" data-e-type=\"widget\" data-widget_type=\"text-editor.default\">\n\t\t\t\t<div class=\"elementor-widget-container\">\n\t\t\t\t\t\t\t\t\t<p>Trebuie \u0219tiut faptul ca \u00een momentul apari\u021biei unei convulsii pacientul trebuie a\u0219ezat \u00een pozi\u021bie de siguran\u021b\u0103 \u2013 decubit lateral (<em>\u00eentr-o parte<\/em>), eliberarea c\u0103ilor respiratorii, monitorizarea acestuia, parametrilor vitali, cronometrarea crizei cat si filmarea dac\u0103 este posibil. Dac\u0103 criza este mai lung\u0103 de 2 minute, p\u0103rin\u021bii primesc instruc\u021biuni pentru a administra Diazepam Desitin intra rectal cu doza corespunz\u0103toare pacientului.<\/p>\t\t\t\t\t\t\t\t<\/div>\n\t\t\t\t<\/div>\n\t\t\t\t<div class=\"elementor-element elementor-element-6c59986 elementor-widget elementor-widget-heading\" data-id=\"6c59986\" data-element_type=\"widget\" data-e-type=\"widget\" data-widget_type=\"heading.default\">\n\t\t\t\t<div class=\"elementor-widget-container\">\n\t\t\t\t\t<h4 class=\"elementor-heading-title elementor-size-default\">Ce tratament putem administra?<\/h4>\t\t\t\t<\/div>\n\t\t\t\t<\/div>\n\t\t\t\t<div class=\"elementor-element elementor-element-3b10559 elementor-widget elementor-widget-text-editor\" data-id=\"3b10559\" data-element_type=\"widget\" data-e-type=\"widget\" data-widget_type=\"text-editor.default\">\n\t\t\t\t<div class=\"elementor-widget-container\">\n\t\t\t\t\t\t\t\t\t<p>In cazul apari\u021biei unei crize mai lungi de 2-3 min p\u0103rin\u021bii\/apar\u021bin\u0103torii primesc informa\u021bii pentru a ini\u021bia tratamentul de urgen\u021b\u0103. Ast\u0103zi, pe pia\u021ba din Romania exista mai multe tipuri de tratament, pentru cei mai mici fiind mai u\u0219or de administrat intra rectal \u2013 Diazepam Desitin, dar pentru cei mai mari a ap\u0103rut Midazolam \/ Buccolam ce se poate administra bucal (<em>pacien\u021bii trebuie informa\u021bi\u00a0 asupra procedurii pentru a nu exista erori de administrare<\/em>).<\/p>\t\t\t\t\t\t\t\t<\/div>\n\t\t\t\t<\/div>\n\t\t\t\t<div class=\"elementor-element elementor-element-ac33d98 elementor-widget elementor-widget-heading\" data-id=\"ac33d98\" data-element_type=\"widget\" data-e-type=\"widget\" data-widget_type=\"heading.default\">\n\t\t\t\t<div class=\"elementor-widget-container\">\n\t\t\t\t\t<h4 class=\"elementor-heading-title elementor-size-default\">Ce facem la apari\u021bia febrei?<\/h4>\t\t\t\t<\/div>\n\t\t\t\t<\/div>\n\t\t\t\t<div class=\"elementor-element elementor-element-14c6975 elementor-widget elementor-widget-text-editor\" data-id=\"14c6975\" data-element_type=\"widget\" data-e-type=\"widget\" data-widget_type=\"text-editor.default\">\n\t\t\t\t<div class=\"elementor-widget-container\">\n\t\t\t\t\t\t\t\t\t<p>C\u00e2nd apare episodul febril, trebuie luate masurile corespunz\u0103toare: dezbr\u0103carea pacientului, \u00eempachet\u0103ri cu apa rece, administrare de antitermice \u00een doza corespunz\u0103toare, hidratare corespunz\u0103toare \u0219i adresarea c\u0103tre un medic pediatru pentru a descoperi cauza febrei si a avea un diagnostic corespunz\u0103tor.<\/p>\t\t\t\t\t\t\t\t<\/div>\n\t\t\t\t<\/div>\n\t\t\t\t<div class=\"elementor-element elementor-element-829d894 elementor-widget elementor-widget-heading\" data-id=\"829d894\" data-element_type=\"widget\" data-e-type=\"widget\" data-widget_type=\"heading.default\">\n\t\t\t\t<div class=\"elementor-widget-container\">\n\t\t\t\t\t<h4 class=\"elementor-heading-title elementor-size-default\">Ce nu trebuie s\u0103 facem c\u00e2nd apare convulsia febrila?<\/h4>\t\t\t\t<\/div>\n\t\t\t\t<\/div>\n\t\t\t\t<div class=\"elementor-element elementor-element-357a4e3 elementor-widget elementor-widget-text-editor\" data-id=\"357a4e3\" data-element_type=\"widget\" data-e-type=\"widget\" data-widget_type=\"text-editor.default\">\n\t\t\t\t<div class=\"elementor-widget-container\">\n\t\t\t\t\t\t\t\t\t<p>Din popor, s-au propov\u0103duit diferite ac\u021biuni pentru a termina criza. Din p\u0103cate, sunt pacien\u021bi care vin mu\u0219ca\u021bi de deget, p\u0103lmui\u021bi sau chiar cu din\u021bii rup\u021bi din cauz\u0103 c\u0103 apar\u021bin\u0103torii \u00eencearc\u0103 s\u0103 le \u201etrag\u0103 limba\u201d. Dac\u0103 pacientul este a\u0219ezat \u00een pozi\u021bie de siguran\u021b\u0103, mai sus exemplificata, este suficient. Dac\u0103 pacientul ar sta pe spate, atunci da, exista un risc\u2026 \u0219i anume de a bloca c\u0103ile respiratorii (limba). Dac\u0103 pacientul este \u00een decubit lateral, limba cade \u00eentr-o parte, secre\u021biile salivare se scurg, dac\u0103 exista m\u00e2ncare atunci aceasta va c\u0103dea \u00eentre dantur\u0103 \u0219i obraz.<\/p><p>O criza convulsiv\u0103 nu se opre\u0219te dac\u0103 d\u0103m palme pacientului! Criza se opre\u0219te singur\u0103, de la sine sau dac\u0103 este mai lunga de 2-3 minute se opre\u0219te cu tratamentul de urgen\u021b\u0103!<\/p>\t\t\t\t\t\t\t\t<\/div>\n\t\t\t\t<\/div>\n\t\t\t\t<div class=\"elementor-element elementor-element-0a05871 elementor-widget elementor-widget-heading\" data-id=\"0a05871\" data-element_type=\"widget\" data-e-type=\"widget\" data-widget_type=\"heading.default\">\n\t\t\t\t<div class=\"elementor-widget-container\">\n\t\t\t\t\t<h4 class=\"elementor-heading-title elementor-size-default\">Vor fi repercusiuni asupra copilului dup\u0103 o convulsie febril\u0103?<\/h4>\t\t\t\t<\/div>\n\t\t\t\t<\/div>\n\t\t\t\t<div class=\"elementor-element elementor-element-d2b9926 elementor-widget elementor-widget-text-editor\" data-id=\"d2b9926\" data-element_type=\"widget\" data-e-type=\"widget\" data-widget_type=\"text-editor.default\">\n\t\t\t\t<div class=\"elementor-widget-container\">\n\t\t\t\t\t\t\t\t\t<p>Sunt studii f\u0103cute \u00een acest sens ce arat\u0103 c\u0103 nu este influen\u021bat\u0103 dezvoltarea lor psihosocial\u0103, inteligen\u021ba sau memoria. Ba din contra unele studii arat\u0103 c\u0103 acei copila\u0219i care au avut convulsii febrile sunt mult mai perspicace la testele de inteligen\u021b\u0103 (s<em>tudiu efectuat \u00een anul 2001 publicat \u00een revista de neurologie<\/em>). Sunt din ce \u00een ce mai multe dovezi ca inteligen\u021ba<strong>\u00a0nu<\/strong>\u00a0este afectat\u0103 de convulsiile febrile.<\/p>\t\t\t\t\t\t\t\t<\/div>\n\t\t\t\t<\/div>\n\t\t\t\t<div class=\"elementor-element elementor-element-929087a elementor-widget elementor-widget-heading\" data-id=\"929087a\" data-element_type=\"widget\" data-e-type=\"widget\" data-widget_type=\"heading.default\">\n\t\t\t\t<div class=\"elementor-widget-container\">\n\t\t\t\t\t<h4 class=\"elementor-heading-title elementor-size-default\">Factori de risc pentru apari\u021bia convulsiilor febrile la copii<\/h4>\t\t\t\t<\/div>\n\t\t\t\t<\/div>\n\t\t\t\t<div class=\"elementor-element elementor-element-cec05ab elementor-widget elementor-widget-image\" data-id=\"cec05ab\" data-element_type=\"widget\" data-e-type=\"widget\" data-widget_type=\"image.default\">\n\t\t\t\t<div class=\"elementor-widget-container\">\n\t\t\t\t\t\t\t\t\t\t\t\t\t\t\t<img decoding=\"async\" src=\"https:\/\/blog.ringdoc.ro\/wp-content\/uploads\/2022\/12\/factori-risc-convulsia-febrila-copii.jpg\" title=\"\" alt=\"Factori de risc pentru aparitia convulsiilor febrile la copii\" loading=\"lazy\" \/>\t\t\t\t\t\t\t\t\t\t\t\t\t\t\t<\/div>\n\t\t\t\t<\/div>\n\t\t\t\t\t<\/div>\n\t\t\t\t<\/div>\n\t\t<div class=\"elementor-element elementor-element-aeb92fb e-con-full e-grid e-con e-child\" data-id=\"aeb92fb\" data-element_type=\"container\" data-e-type=\"container\">\n\t\t<div class=\"elementor-element elementor-element-9980107 e-con-full e-flex e-con e-child\" data-id=\"9980107\" data-element_type=\"container\" data-e-type=\"container\">\n\t\t\t\t<div class=\"elementor-element elementor-element-106ef04 elementor-widget elementor-widget-image\" data-id=\"106ef04\" data-element_type=\"widget\" data-e-type=\"widget\" data-widget_type=\"image.default\">\n\t\t\t\t<div class=\"elementor-widget-container\">\n\t\t\t\t\t\t\t\t\t\t\t\t\t\t\t\t<a href=\"https:\/\/ringdoc.ro\/patient\/medicProfile\/7405\">\n\t\t\t\t\t\t\t<img decoding=\"async\" src=\"https:\/\/blog.ringdoc.ro\/wp-content\/uploads\/2022\/12\/dr-lascu-madalina-neurologie-pediatrica.jpg\" title=\"\" alt=\"Dr. Lascu Madalina - neurologie pediatrica Constanta\" loading=\"lazy\" \/>\t\t\t\t\t\t\t\t<\/a>\n\t\t\t\t\t\t\t\t\t\t\t\t\t\t\t<\/div>\n\t\t\t\t<\/div>\n\t\t\t\t<div class=\"elementor-element elementor-element-965e8a3 elementor-widget elementor-widget-text-editor\" data-id=\"965e8a3\" data-element_type=\"widget\" data-e-type=\"widget\" data-widget_type=\"text-editor.default\">\n\t\t\t\t<div class=\"elementor-widget-container\">\n\t\t\t\t\t\t\t\t\t<p><span style=\"color: #ff6a39;\"><strong><a style=\"background-color: #ffffff; color: #ff6a39;\" href=\"https:\/\/ringdoc.ro\/patient\/medicProfile\/7405\" target=\"_blank\" rel=\"noopener\">Dr. M\u0103d\u0103lina Lascu<\/a><\/strong><\/span><br \/>Medic specialist neurologie pediatric\u0103<\/p>\t\t\t\t\t\t\t\t<\/div>\n\t\t\t\t<\/div>\n\t\t\t\t<\/div>\n\t\t<div class=\"elementor-element elementor-element-6a1e41d e-con-full e-flex e-con e-child\" data-id=\"6a1e41d\" data-element_type=\"container\" data-e-type=\"container\">\n\t\t\t\t<div class=\"elementor-element elementor-element-83b59cf elementor-widget elementor-widget-heading\" data-id=\"83b59cf\" data-element_type=\"widget\" data-e-type=\"widget\" data-widget_type=\"heading.default\">\n\t\t\t\t<div class=\"elementor-widget-container\">\n\t\t\t\t\t<h4 class=\"elementor-heading-title elementor-size-default\">Bibliografie<\/h4>\t\t\t\t<\/div>\n\t\t\t\t<\/div>\n\t\t\t\t<div class=\"elementor-element elementor-element-45feff5 elementor-widget elementor-widget-text-editor\" data-id=\"45feff5\" data-element_type=\"widget\" data-e-type=\"widget\" data-widget_type=\"text-editor.default\">\n\t\t\t\t<div class=\"elementor-widget-container\">\n\t\t\t\t\t\t\t\t\t<ul><li>Neurologie Pediatrica- Note de curs: Conf. Dr. Dana Craiu, Catrinel Iliescu<br \/><br \/><\/li><li>Manualul Merk de diagnostic si tratament<br \/><br \/><\/li><li><a href=\"http:\/\/www.scoalapacien\u021bilor.ro\/primul-ajutor-criza-de-epilepsie\/\">http:\/\/www.scoalapacien\u021bilor.ro\/primul-ajutor-criza-de-epilepsie\/<\/a><br \/><br \/><\/li><li><a href=\"https:\/\/www.doc.ro\/sanatate\/epilepsia-cauze-simptome-tratament\">https:\/\/www.doc.ro\/sanatate\/epilepsia-cauze-simptome-tratament<\/a><br \/><br \/><\/li><li><a href=\"https:\/\/www.medichub.ro\/reviste\/medic-ro\/convulsia-febrila-la-copii-id-1265-cmsid-51\">https:\/\/www.medichub.ro\/reviste\/medic-ro\/convulsia-febrila-la-copii-id-1265-cmsid-51<\/a><\/li><\/ul>\t\t\t\t\t\t\t\t<\/div>\n\t\t\t\t<\/div>\n\t\t\t\t<\/div>\n\t\t\t\t<\/div>\n\t\t\t\t<\/div>\n\t\t","protected":false},"excerpt":{"rendered":"<p>Defini\u021bie: o criz\u0103 de tip epileptic care survine la copil, ce asociaz\u0103 febra, poate fi unic\u0103 sau se poate repeta de mai multe ori. Apare la copilul de peste o lun\u0103 p\u00e2n\u0103 la v\u00e2rsta de 5 ani, rar p\u00e2n\u0103 la 6 ani. Convulsiile febrile\u00a0sunt cele mai frecvente tulbur\u0103ri neurologice ale sugarilor \u0219i copiilor mici. Pentru [&hellip;]<\/p>\n","protected":false},"author":1,"featured_media":3776,"comment_status":"closed","ping_status":"closed","sticky":false,"template":"","format":"standard","meta":{"footnotes":""},"categories":[80,105],"tags":[109,107],"class_list":["post-673","post","type-post","status-publish","format-standard","has-post-thumbnail","hentry","category-medicina-generala","category-pediatrie","tag-febra","tag-gripa"],"yoast_head":"<!-- This site is optimized with the Yoast SEO Premium plugin v27.4 (Yoast SEO v27.4) - https:\/\/yoast.com\/product\/yoast-seo-premium-wordpress\/ -->\n<title>Convulsiile febrile \u2013 cauze, simptome \u0219i tratament<\/title>\n<meta name=\"description\" content=\"Afl\u0103 dintr-un articol scris de un medic despre convulsiile febrile, cauzele, simptomele \u0219i tratamentul acestora corect pentru a le elimina\" \/>\n<meta name=\"robots\" content=\"index, follow, max-snippet:-1, max-image-preview:large, max-video-preview:-1\" \/>\n<link rel=\"canonical\" href=\"https:\/\/ringdoc.ro\/resurse-medicale\/convulsiile-febrile-cauze-simptome-si-tratament\/\" \/>\n<meta property=\"og:locale\" content=\"en_US\" \/>\n<meta property=\"og:type\" content=\"article\" \/>\n<meta property=\"og:title\" content=\"Convulsiile febrile \u2013 cauze, simptome \u0219i tratament\" \/>\n<meta property=\"og:description\" content=\"Afl\u0103 dintr-un articol scris de un medic despre convulsiile febrile, cauzele, simptomele \u0219i tratamentul acestora corect pentru a le elimina\" \/>\n<meta property=\"og:url\" content=\"https:\/\/ringdoc.ro\/resurse-medicale\/convulsiile-febrile-cauze-simptome-si-tratament\/\" \/>\n<meta property=\"og:site_name\" content=\"Ringdoc - Resurse medicale\" \/>\n<meta property=\"article:publisher\" content=\"https:\/\/www.facebook.com\/ringdocapp\" \/>\n<meta property=\"article:published_time\" content=\"2022-12-16T13:09:33+00:00\" \/>\n<meta property=\"article:modified_time\" content=\"2024-08-27T09:11:35+00:00\" \/>\n<meta property=\"og:image\" content=\"https:\/\/ringdoc.ro\/resurse-medicale\/wp-content\/uploads\/2022\/12\/convulsii-febrile.jpg\" \/>\n\t<meta property=\"og:image:width\" content=\"2000\" \/>\n\t<meta property=\"og:image:height\" content=\"1200\" \/>\n\t<meta property=\"og:image:type\" content=\"image\/jpeg\" \/>\n<meta name=\"author\" content=\"marketing\" \/>\n<script type=\"application\/ld+json\" class=\"yoast-schema-graph\">{\"@context\":\"https:\\\/\\\/schema.org\",\"@graph\":[{\"@type\":\"Article\",\"@id\":\"https:\\\/\\\/ringdoc.ro\\\/resurse-medicale\\\/convulsiile-febrile-cauze-simptome-si-tratament\\\/#article\",\"isPartOf\":{\"@id\":\"https:\\\/\\\/ringdoc.ro\\\/resurse-medicale\\\/convulsiile-febrile-cauze-simptome-si-tratament\\\/\"},\"author\":{\"name\":\"marketing\",\"@id\":\"https:\\\/\\\/ringdoc.ro\\\/resurse-medicale\\\/#\\\/schema\\\/person\\\/5d8f0cfc57980220f3b7ac836892258c\"},\"headline\":\"Convulsiile febrile \u2013 cauze, simptome \u0219i tratament\",\"datePublished\":\"2022-12-16T13:09:33+00:00\",\"dateModified\":\"2024-08-27T09:11:35+00:00\",\"mainEntityOfPage\":{\"@id\":\"https:\\\/\\\/ringdoc.ro\\\/resurse-medicale\\\/convulsiile-febrile-cauze-simptome-si-tratament\\\/\"},\"wordCount\":1095,\"publisher\":{\"@id\":\"https:\\\/\\\/ringdoc.ro\\\/resurse-medicale\\\/#organization\"},\"image\":{\"@id\":\"https:\\\/\\\/ringdoc.ro\\\/resurse-medicale\\\/convulsiile-febrile-cauze-simptome-si-tratament\\\/#primaryimage\"},\"thumbnailUrl\":\"https:\\\/\\\/ringdoc.ro\\\/resurse-medicale\\\/wp-content\\\/uploads\\\/2022\\\/12\\\/convulsii-febrile.jpg\",\"keywords\":[\"Febr\u0103\",\"Grip\u0103\"],\"articleSection\":[\"Medicin\u0103 general\u0103\",\"Pediatrie\"],\"inLanguage\":\"en-US\"},{\"@type\":\"WebPage\",\"@id\":\"https:\\\/\\\/ringdoc.ro\\\/resurse-medicale\\\/convulsiile-febrile-cauze-simptome-si-tratament\\\/\",\"url\":\"https:\\\/\\\/ringdoc.ro\\\/resurse-medicale\\\/convulsiile-febrile-cauze-simptome-si-tratament\\\/\",\"name\":\"Convulsiile febrile \u2013 cauze, simptome \u0219i tratament\",\"isPartOf\":{\"@id\":\"https:\\\/\\\/ringdoc.ro\\\/resurse-medicale\\\/#website\"},\"primaryImageOfPage\":{\"@id\":\"https:\\\/\\\/ringdoc.ro\\\/resurse-medicale\\\/convulsiile-febrile-cauze-simptome-si-tratament\\\/#primaryimage\"},\"image\":{\"@id\":\"https:\\\/\\\/ringdoc.ro\\\/resurse-medicale\\\/convulsiile-febrile-cauze-simptome-si-tratament\\\/#primaryimage\"},\"thumbnailUrl\":\"https:\\\/\\\/ringdoc.ro\\\/resurse-medicale\\\/wp-content\\\/uploads\\\/2022\\\/12\\\/convulsii-febrile.jpg\",\"datePublished\":\"2022-12-16T13:09:33+00:00\",\"dateModified\":\"2024-08-27T09:11:35+00:00\",\"description\":\"Afl\u0103 dintr-un articol scris de un medic despre convulsiile febrile, cauzele, simptomele \u0219i tratamentul acestora corect pentru a le elimina\",\"breadcrumb\":{\"@id\":\"https:\\\/\\\/ringdoc.ro\\\/resurse-medicale\\\/convulsiile-febrile-cauze-simptome-si-tratament\\\/#breadcrumb\"},\"inLanguage\":\"en-US\",\"potentialAction\":[{\"@type\":\"ReadAction\",\"target\":[\"https:\\\/\\\/ringdoc.ro\\\/resurse-medicale\\\/convulsiile-febrile-cauze-simptome-si-tratament\\\/\"]}]},{\"@type\":\"ImageObject\",\"inLanguage\":\"en-US\",\"@id\":\"https:\\\/\\\/ringdoc.ro\\\/resurse-medicale\\\/convulsiile-febrile-cauze-simptome-si-tratament\\\/#primaryimage\",\"url\":\"https:\\\/\\\/ringdoc.ro\\\/resurse-medicale\\\/wp-content\\\/uploads\\\/2022\\\/12\\\/convulsii-febrile.jpg\",\"contentUrl\":\"https:\\\/\\\/ringdoc.ro\\\/resurse-medicale\\\/wp-content\\\/uploads\\\/2022\\\/12\\\/convulsii-febrile.jpg\",\"width\":2000,\"height\":1200,\"caption\":\"Ce sunt convulsiile febrile\"},{\"@type\":\"BreadcrumbList\",\"@id\":\"https:\\\/\\\/ringdoc.ro\\\/resurse-medicale\\\/convulsiile-febrile-cauze-simptome-si-tratament\\\/#breadcrumb\",\"itemListElement\":[{\"@type\":\"ListItem\",\"position\":1,\"name\":\"Prima pagin\u0103\",\"item\":\"https:\\\/\\\/ringdoc.ro\\\/resurse-medicale\\\/\"},{\"@type\":\"ListItem\",\"position\":2,\"name\":\"Convulsiile febrile \u2013 cauze, simptome \u0219i tratament\"}]},{\"@type\":\"WebSite\",\"@id\":\"https:\\\/\\\/ringdoc.ro\\\/resurse-medicale\\\/#website\",\"url\":\"https:\\\/\\\/ringdoc.ro\\\/resurse-medicale\\\/\",\"name\":\"Resurse medicale\",\"description\":\"Doctor \u0219i re\u021bet\u0103, online de oriunde\",\"publisher\":{\"@id\":\"https:\\\/\\\/ringdoc.ro\\\/resurse-medicale\\\/#organization\"},\"potentialAction\":[{\"@type\":\"SearchAction\",\"target\":{\"@type\":\"EntryPoint\",\"urlTemplate\":\"https:\\\/\\\/ringdoc.ro\\\/resurse-medicale\\\/?s={search_term_string}\"},\"query-input\":{\"@type\":\"PropertyValueSpecification\",\"valueRequired\":true,\"valueName\":\"search_term_string\"}}],\"inLanguage\":\"en-US\"},{\"@type\":\"Organization\",\"@id\":\"https:\\\/\\\/ringdoc.ro\\\/resurse-medicale\\\/#organization\",\"name\":\"Ringdoc\",\"url\":\"https:\\\/\\\/ringdoc.ro\\\/resurse-medicale\\\/\",\"logo\":{\"@type\":\"ImageObject\",\"inLanguage\":\"en-US\",\"@id\":\"https:\\\/\\\/ringdoc.ro\\\/resurse-medicale\\\/#\\\/schema\\\/logo\\\/image\\\/\",\"url\":\"https:\\\/\\\/ringdoc.ro\\\/resurse-medicale\\\/wp-content\\\/uploads\\\/2026\\\/03\\\/ringdoc-logo-blog.webp\",\"contentUrl\":\"https:\\\/\\\/ringdoc.ro\\\/resurse-medicale\\\/wp-content\\\/uploads\\\/2026\\\/03\\\/ringdoc-logo-blog.webp\",\"width\":1000,\"height\":250,\"caption\":\"Ringdoc\"},\"image\":{\"@id\":\"https:\\\/\\\/ringdoc.ro\\\/resurse-medicale\\\/#\\\/schema\\\/logo\\\/image\\\/\"},\"sameAs\":[\"https:\\\/\\\/www.facebook.com\\\/ringdocapp\",\"https:\\\/\\\/www.linkedin.com\\\/company\\\/ringdocapp\\\/\",\"https:\\\/\\\/www.instagram.com\\\/ringdocapp\\\/\"]},{\"@type\":\"Person\",\"@id\":\"https:\\\/\\\/ringdoc.ro\\\/resurse-medicale\\\/#\\\/schema\\\/person\\\/5d8f0cfc57980220f3b7ac836892258c\",\"name\":\"marketing\",\"sameAs\":[\"https:\\\/\\\/ringdoc.ro\\\/resurse-medicale\"]}]}<\/script>\n<!-- \/ Yoast SEO Premium plugin. -->","yoast_head_json":{"title":"Convulsiile febrile \u2013 cauze, simptome \u0219i tratament","description":"Afl\u0103 dintr-un articol scris de un medic despre convulsiile febrile, cauzele, simptomele \u0219i tratamentul acestora corect pentru a le elimina","robots":{"index":"index","follow":"follow","max-snippet":"max-snippet:-1","max-image-preview":"max-image-preview:large","max-video-preview":"max-video-preview:-1"},"canonical":"https:\/\/ringdoc.ro\/resurse-medicale\/convulsiile-febrile-cauze-simptome-si-tratament\/","og_locale":"en_US","og_type":"article","og_title":"Convulsiile febrile \u2013 cauze, simptome \u0219i tratament","og_description":"Afl\u0103 dintr-un articol scris de un medic despre convulsiile febrile, cauzele, simptomele \u0219i tratamentul acestora corect pentru a le elimina","og_url":"https:\/\/ringdoc.ro\/resurse-medicale\/convulsiile-febrile-cauze-simptome-si-tratament\/","og_site_name":"Ringdoc - Resurse medicale","article_publisher":"https:\/\/www.facebook.com\/ringdocapp","article_published_time":"2022-12-16T13:09:33+00:00","article_modified_time":"2024-08-27T09:11:35+00:00","og_image":[{"width":2000,"height":1200,"url":"https:\/\/ringdoc.ro\/resurse-medicale\/wp-content\/uploads\/2022\/12\/convulsii-febrile.jpg","type":"image\/jpeg"}],"author":"marketing","schema":{"@context":"https:\/\/schema.org","@graph":[{"@type":"Article","@id":"https:\/\/ringdoc.ro\/resurse-medicale\/convulsiile-febrile-cauze-simptome-si-tratament\/#article","isPartOf":{"@id":"https:\/\/ringdoc.ro\/resurse-medicale\/convulsiile-febrile-cauze-simptome-si-tratament\/"},"author":{"name":"marketing","@id":"https:\/\/ringdoc.ro\/resurse-medicale\/#\/schema\/person\/5d8f0cfc57980220f3b7ac836892258c"},"headline":"Convulsiile febrile \u2013 cauze, simptome \u0219i tratament","datePublished":"2022-12-16T13:09:33+00:00","dateModified":"2024-08-27T09:11:35+00:00","mainEntityOfPage":{"@id":"https:\/\/ringdoc.ro\/resurse-medicale\/convulsiile-febrile-cauze-simptome-si-tratament\/"},"wordCount":1095,"publisher":{"@id":"https:\/\/ringdoc.ro\/resurse-medicale\/#organization"},"image":{"@id":"https:\/\/ringdoc.ro\/resurse-medicale\/convulsiile-febrile-cauze-simptome-si-tratament\/#primaryimage"},"thumbnailUrl":"https:\/\/ringdoc.ro\/resurse-medicale\/wp-content\/uploads\/2022\/12\/convulsii-febrile.jpg","keywords":["Febr\u0103","Grip\u0103"],"articleSection":["Medicin\u0103 general\u0103","Pediatrie"],"inLanguage":"en-US"},{"@type":"WebPage","@id":"https:\/\/ringdoc.ro\/resurse-medicale\/convulsiile-febrile-cauze-simptome-si-tratament\/","url":"https:\/\/ringdoc.ro\/resurse-medicale\/convulsiile-febrile-cauze-simptome-si-tratament\/","name":"Convulsiile febrile \u2013 cauze, simptome \u0219i tratament","isPartOf":{"@id":"https:\/\/ringdoc.ro\/resurse-medicale\/#website"},"primaryImageOfPage":{"@id":"https:\/\/ringdoc.ro\/resurse-medicale\/convulsiile-febrile-cauze-simptome-si-tratament\/#primaryimage"},"image":{"@id":"https:\/\/ringdoc.ro\/resurse-medicale\/convulsiile-febrile-cauze-simptome-si-tratament\/#primaryimage"},"thumbnailUrl":"https:\/\/ringdoc.ro\/resurse-medicale\/wp-content\/uploads\/2022\/12\/convulsii-febrile.jpg","datePublished":"2022-12-16T13:09:33+00:00","dateModified":"2024-08-27T09:11:35+00:00","description":"Afl\u0103 dintr-un articol scris de un medic despre convulsiile febrile, cauzele, simptomele \u0219i tratamentul acestora corect pentru a le elimina","breadcrumb":{"@id":"https:\/\/ringdoc.ro\/resurse-medicale\/convulsiile-febrile-cauze-simptome-si-tratament\/#breadcrumb"},"inLanguage":"en-US","potentialAction":[{"@type":"ReadAction","target":["https:\/\/ringdoc.ro\/resurse-medicale\/convulsiile-febrile-cauze-simptome-si-tratament\/"]}]},{"@type":"ImageObject","inLanguage":"en-US","@id":"https:\/\/ringdoc.ro\/resurse-medicale\/convulsiile-febrile-cauze-simptome-si-tratament\/#primaryimage","url":"https:\/\/ringdoc.ro\/resurse-medicale\/wp-content\/uploads\/2022\/12\/convulsii-febrile.jpg","contentUrl":"https:\/\/ringdoc.ro\/resurse-medicale\/wp-content\/uploads\/2022\/12\/convulsii-febrile.jpg","width":2000,"height":1200,"caption":"Ce sunt convulsiile febrile"},{"@type":"BreadcrumbList","@id":"https:\/\/ringdoc.ro\/resurse-medicale\/convulsiile-febrile-cauze-simptome-si-tratament\/#breadcrumb","itemListElement":[{"@type":"ListItem","position":1,"name":"Prima pagin\u0103","item":"https:\/\/ringdoc.ro\/resurse-medicale\/"},{"@type":"ListItem","position":2,"name":"Convulsiile febrile \u2013 cauze, simptome \u0219i tratament"}]},{"@type":"WebSite","@id":"https:\/\/ringdoc.ro\/resurse-medicale\/#website","url":"https:\/\/ringdoc.ro\/resurse-medicale\/","name":"Resurse medicale","description":"Doctor \u0219i re\u021bet\u0103, online de oriunde","publisher":{"@id":"https:\/\/ringdoc.ro\/resurse-medicale\/#organization"},"potentialAction":[{"@type":"SearchAction","target":{"@type":"EntryPoint","urlTemplate":"https:\/\/ringdoc.ro\/resurse-medicale\/?s={search_term_string}"},"query-input":{"@type":"PropertyValueSpecification","valueRequired":true,"valueName":"search_term_string"}}],"inLanguage":"en-US"},{"@type":"Organization","@id":"https:\/\/ringdoc.ro\/resurse-medicale\/#organization","name":"Ringdoc","url":"https:\/\/ringdoc.ro\/resurse-medicale\/","logo":{"@type":"ImageObject","inLanguage":"en-US","@id":"https:\/\/ringdoc.ro\/resurse-medicale\/#\/schema\/logo\/image\/","url":"https:\/\/ringdoc.ro\/resurse-medicale\/wp-content\/uploads\/2026\/03\/ringdoc-logo-blog.webp","contentUrl":"https:\/\/ringdoc.ro\/resurse-medicale\/wp-content\/uploads\/2026\/03\/ringdoc-logo-blog.webp","width":1000,"height":250,"caption":"Ringdoc"},"image":{"@id":"https:\/\/ringdoc.ro\/resurse-medicale\/#\/schema\/logo\/image\/"},"sameAs":["https:\/\/www.facebook.com\/ringdocapp","https:\/\/www.linkedin.com\/company\/ringdocapp\/","https:\/\/www.instagram.com\/ringdocapp\/"]},{"@type":"Person","@id":"https:\/\/ringdoc.ro\/resurse-medicale\/#\/schema\/person\/5d8f0cfc57980220f3b7ac836892258c","name":"marketing","sameAs":["https:\/\/ringdoc.ro\/resurse-medicale"]}]}},"_links":{"self":[{"href":"https:\/\/ringdoc.ro\/resurse-medicale\/wp-json\/wp\/v2\/posts\/673","targetHints":{"allow":["GET"]}}],"collection":[{"href":"https:\/\/ringdoc.ro\/resurse-medicale\/wp-json\/wp\/v2\/posts"}],"about":[{"href":"https:\/\/ringdoc.ro\/resurse-medicale\/wp-json\/wp\/v2\/types\/post"}],"author":[{"embeddable":true,"href":"https:\/\/ringdoc.ro\/resurse-medicale\/wp-json\/wp\/v2\/users\/1"}],"replies":[{"embeddable":true,"href":"https:\/\/ringdoc.ro\/resurse-medicale\/wp-json\/wp\/v2\/comments?post=673"}],"version-history":[{"count":0,"href":"https:\/\/ringdoc.ro\/resurse-medicale\/wp-json\/wp\/v2\/posts\/673\/revisions"}],"wp:featuredmedia":[{"embeddable":true,"href":"https:\/\/ringdoc.ro\/resurse-medicale\/wp-json\/wp\/v2\/media\/3776"}],"wp:attachment":[{"href":"https:\/\/ringdoc.ro\/resurse-medicale\/wp-json\/wp\/v2\/media?parent=673"}],"wp:term":[{"taxonomy":"category","embeddable":true,"href":"https:\/\/ringdoc.ro\/resurse-medicale\/wp-json\/wp\/v2\/categories?post=673"},{"taxonomy":"post_tag","embeddable":true,"href":"https:\/\/ringdoc.ro\/resurse-medicale\/wp-json\/wp\/v2\/tags?post=673"}],"curies":[{"name":"wp","href":"https:\/\/api.w.org\/{rel}","templated":true}]}}