{"id":761,"date":"2023-01-17T12:17:51","date_gmt":"2023-01-17T10:17:51","guid":{"rendered":"https:\/\/ringdoc.ro\/resurse-medicale\/?p=761"},"modified":"2025-12-16T12:16:10","modified_gmt":"2025-12-16T10:16:10","slug":"epilepsia-benigna-a-copilariei-sau-epilepsia-rolandica","status":"publish","type":"post","link":"https:\/\/ringdoc.ro\/resurse-medicale\/epilepsia-benigna-a-copilariei-sau-epilepsia-rolandica\/","title":{"rendered":"Epilepsia Benign\u0103 a copil\u0103riei sau Epilepsia Rolandic\u0103"},"content":{"rendered":"\t\t<div data-elementor-type=\"wp-post\" data-elementor-id=\"761\" class=\"elementor elementor-761\" data-elementor-post-type=\"post\">\n\t\t\t\t<div class=\"elementor-element elementor-element-48bc3cb4 e-flex e-con-boxed e-con e-parent\" data-id=\"48bc3cb4\" data-element_type=\"container\" data-e-type=\"container\">\n\t\t\t\t\t<div class=\"e-con-inner\">\n\t\t\t\t<div class=\"elementor-element elementor-element-547d81c8 elementor-widget elementor-widget-text-editor\" data-id=\"547d81c8\" data-element_type=\"widget\" data-e-type=\"widget\" data-widget_type=\"text-editor.default\">\n\t\t\t\t<div class=\"elementor-widget-container\">\n\t\t\t\t\t\t\t\t\t<p>Epilepsia benign\u0103 a copil\u0103riei sau epilepsia rolandic\u0103 este cel mai frecvent sindrom de epilepsie ap\u0103rut \u00een copil\u0103rie.<\/p><p>Aceasta are ca \u0219i v\u00e2rst\u0103 de debut \u00eentre 2-14 ani cu un maxim de 6-9 ani, fiind autolimitat\u0103 (crizele oprindu-se p\u00e2n\u0103 la v\u00e2rsta de aproximativ 14-16 ani). Exist\u0103 rar \u0219i cazuri descrise la 1 an.<\/p><p>Manifest\u0103rile paroxistice survin la trezirea din somnul de noapte \u00een general \u0219i apar sub urm\u0103torul aspect: mioclonii sau clonii la nivelul unui hemifacies-oro-facial (num\u0103r limitat de mu\u0219chi situa\u021bi contra-lateral \u00een func\u021bie de localizarea \u0219i \u00eentinderea zonei corticale implicate \u00een desc\u0103rcarea neuronala \u2013 numit\u0103 \u0219i zona centro-temporal\u0103, situat\u0103 \u00een jurul fisurii Roland, dup\u0103\u00a0Luigi Rolando), este f\u0103r\u0103 pierderea st\u0103rii de con\u0219tien\u021b\u0103 \u2013 de obicei copiii povestesc foarte frumos c\u0103 aud apar\u021bin\u0103torii, descriu mi\u0219c\u0103rile fetei, c\u0103 nu pot comunica, apare \u0219i devierea capului \u0219i a globilor oculari. Dac\u0103 se propag\u0103 \u00een aria motorie, atunci apare \u0219i afectare la nivelul membrului superior de aceea\u0219i parte cu manifest\u0103rile faciale. Rar apar manifest\u0103ri generalizate.<\/p><p>P\u0103rin\u021bii descriu c\u0103 ini\u021bial aud o respira\u021bie ciudat\u0103 \u2013 stertoroas\u0103, c\u0103 se \u00eeneac\u0103, au impresia c\u0103 timpul se dilat\u0103 \u0219i \u00eei sperie faptul c\u0103 dup\u0103 terminarea crizei ace\u0219tia nu vorbesc coerent \u2013 dislalie, ba chiar membrul superior nu \u00eel pot folosi la fel de bine ca pe cel de parte opus\u0103.<\/p><p>De obicei crizele sunt scurte, sub 2 minute, cu revenire spontan\u0103, postcritic sunt somnolen\u021bi, apare tulburare de vorbire, deficit motor al membrului implicat \u00een manifestare.<\/p>\t\t\t\t\t\t\t\t<\/div>\n\t\t\t\t<\/div>\n\t\t\t\t<div class=\"elementor-element elementor-element-42e811c3 elementor-widget elementor-widget-heading\" data-id=\"42e811c3\" data-element_type=\"widget\" data-e-type=\"widget\" data-widget_type=\"heading.default\">\n\t\t\t\t<div class=\"elementor-widget-container\">\n\t\t\t\t\t<h4 class=\"elementor-heading-title elementor-size-default\">Ce investiga\u021bii sunt necesare c\u00e2nd apar astfel de manifest\u0103ri?\n<\/h4>\t\t\t\t<\/div>\n\t\t\t\t<\/div>\n\t\t\t\t<div class=\"elementor-element elementor-element-2a0faa2 elementor-widget elementor-widget-text-editor\" data-id=\"2a0faa2\" data-element_type=\"widget\" data-e-type=\"widget\" data-widget_type=\"text-editor.default\">\n\t\t\t\t<div class=\"elementor-widget-container\">\n\t\t\t\t\t\t\t\t\t<p><span style=\"color: var( --e-global-color-99b236e ); font-family: var( --e-global-typography-8705785-font-family ); font-size: var( --e-global-typography-8705785-font-size ); font-weight: var( --e-global-typography-8705785-font-weight ); letter-spacing: var( --e-global-typography-8705785-letter-spacing ); word-spacing: var( --e-global-typography-8705785-word-spacing ); text-align: var(--text-align);\">EEG veghe \u0219i somn de lunga durat\u0103 \u2013 \u00een somn se activeaz\u0103 manifest\u0103rile paroxistice \u0219i apar desc\u0103rc\u0103ri epileptice \u2013 la adormire \u0219i \u00een toate stadiile somnului, la nivel centro-temporal unilaterale, v\u00e2rfuri lente uni-focale sau bifocal, f\u0103r\u0103 modific\u0103ri la hiper-ventila\u021bie sau stimulare luminoas\u0103 intermitent\u0103. Apar \u0219i \u00een starea de veghe acele desc\u0103rc\u0103ri unilaterale. Pot chiar alterna dreapta\/st\u00e2nga de la un EEG la altul \u00een dinamic\u0103.<\/span><\/p>\t\t\t\t\t\t\t\t<\/div>\n\t\t\t\t<\/div>\n\t\t\t\t<div class=\"elementor-element elementor-element-e5e3a3b elementor-widget elementor-widget-heading\" data-id=\"e5e3a3b\" data-element_type=\"widget\" data-e-type=\"widget\" data-widget_type=\"heading.default\">\n\t\t\t\t<div class=\"elementor-widget-container\">\n\t\t\t\t\t<h4 class=\"elementor-heading-title elementor-size-default\">Este nevoie de tratament?\n\n<\/h4>\t\t\t\t<\/div>\n\t\t\t\t<\/div>\n\t\t\t\t<div class=\"elementor-element elementor-element-c23ca58 elementor-widget elementor-widget-text-editor\" data-id=\"c23ca58\" data-element_type=\"widget\" data-e-type=\"widget\" data-widget_type=\"text-editor.default\">\n\t\t\t\t<div class=\"elementor-widget-container\">\n\t\t\t\t\t\t\t\t\t<p>Da, deoarece pot afecta conduita copilului \u2013 oboseal\u0103, irascibilitate, somnolen\u021b\u0103. F\u0103r\u0103 tratament crizele survin din ce \u00een ce mai des \u0219i probabilitatea apari\u021biei crizelor generalizate este din ce \u00een ce mai mare.<\/p><p>Tratamentul este menit sa opreasc\u0103 apari\u021bia acestor manifest\u0103ri. Durata este de cel pu\u021bin 2 ani, cu introducere lent progresiva pana la doza terapeutica corespunz\u0103toare. Sunt necesare \u0219i cateva analize de s\u00e2nge \u00een prealabil. Tratamentul se recomand\u0103 la copiii cu crize epileptice frecvente, de prim\u0103 linie fiind Valproatul, Levetiracetamul, Benzodiazepinele. Exist\u0103 medicamente care pot agrava crizele: Carbamazepina, Lamotrigin\u0103.<\/p>\t\t\t\t\t\t\t\t<\/div>\n\t\t\t\t<\/div>\n\t\t\t\t<div class=\"elementor-element elementor-element-18012b8 elementor-widget elementor-widget-heading\" data-id=\"18012b8\" data-element_type=\"widget\" data-e-type=\"widget\" data-widget_type=\"heading.default\">\n\t\t\t\t<div class=\"elementor-widget-container\">\n\t\t\t\t\t<h4 class=\"elementor-heading-title elementor-size-default\">Recomand\u0103ri<\/h4>\t\t\t\t<\/div>\n\t\t\t\t<\/div>\n\t\t\t\t<div class=\"elementor-element elementor-element-6945e64 elementor-widget elementor-widget-text-editor\" data-id=\"6945e64\" data-element_type=\"widget\" data-e-type=\"widget\" data-widget_type=\"text-editor.default\">\n\t\t\t\t<div class=\"elementor-widget-container\">\n\t\t\t\t\t\t\t\t\t<section data-id=\"44e420e\" data-element_type=\"section\"><div><div data-id=\"effdf2e\" data-element_type=\"column\"><div><div data-id=\"55f4ed8\" data-element_type=\"widget\" data-widget_type=\"text-editor.default\"><div><p>Se recomand\u0103 respectarea orelor de somn, evitarea produselor excitante neuronale \u00een exces, tratamentul conform recomand\u0103rilor medicului curant, practicarea sporturilor cu echipament de protec\u021bie (casc\u0103 \u2013 schi, biciclet\u0103, role etc.), antrenor personal pentru \u00eenot. Tuturor pacien\u021bilor li se prescrie \u0219i tratamentul \u00een cazul urgen\u021belor \u2013 Diazepam Desitin intra-rectal \u00een cazul unor crize mai lungi de 2 minute. Pe l\u00e2ng\u0103 acesta, exist\u0103 pe pia\u021ba rom\u00e2neasc\u0103 \u0219i tratament cu administrare bucal\u0103 \u2013 Buccolam \/ Midazolam (acesta fiind preferat pentru pacien\u021bii mai mari, datorit\u0103 impactului psihosocial). De asemenea, sunt instrui\u021bi pentru acordarea primului ajutor \u00een caz de criz\u0103 \u2013 pozi\u021bia de siguran\u021b\u0103 \u00een decubit lateral, m\u00e2inile sub obraz, capul u\u0219or flectat posterior, scoaterea cravatei sau alte e\u0219arfe dac\u0103 exist\u0103,\u00a0 monitorizare \u0219i eventual\u00a0 filmarea evenimentului dac\u0103 se poate.<\/p><\/div><\/div><\/div><\/div><\/div><\/section>\t\t\t\t\t\t\t\t<\/div>\n\t\t\t\t<\/div>\n\t\t\t\t<div class=\"elementor-element elementor-element-f820684 elementor-widget elementor-widget-text-editor\" data-id=\"f820684\" data-element_type=\"widget\" data-e-type=\"widget\" data-widget_type=\"text-editor.default\">\n\t\t\t\t<div class=\"elementor-widget-container\">\n\t\t\t\t\t\t\t\t\t<section data-id=\"44e420e\" data-element_type=\"section\"><div data-id=\"effdf2e\" data-element_type=\"column\"><div data-id=\"55f4ed8\" data-element_type=\"widget\" data-widget_type=\"text-editor.default\"><p>Acest tip de epilepsie fiind de cauz\u0103 genetic\u0103, se poate transmite ulterior genera\u021biilor ce urmeaz\u0103.<\/p><p>Sunt studii ce eviden\u021biaz\u0103 faptul c\u0103 acest tip de epilepsie nu afecteaz\u0103 conduita copilului, nu exista repercusiuni legate de inteligen\u021b\u0103.<\/p><p>Este bine ca cei din jur s\u0103 fie informa\u021bi asupra afec\u021biunii copila\u0219ului pentru a putea fi instruit \u00een cazul apari\u021biei unei crize generalizate. Sunt \u0219i p\u0103rin\u021bi care doresc p\u0103strarea discre\u021biei, datorit\u0103 stigmatiz\u0103rii, dar personal sunt de p\u0103rere c\u0103 lumea din jur dac\u0103 este informat\u0103 corect, corespunz\u0103tor \u0219i la momentul oportun multe lucruri devin mai u\u0219or de abordat.<\/p><p><span style=\"color: var( --e-global-color-text ); font-family: var( --e-global-typography-text-font-family ); font-weight: var( --e-global-typography-text-font-weight ); font-size: var( --e-global-typography-8705785-font-size ); letter-spacing: var( --e-global-typography-8705785-letter-spacing ); word-spacing: var( --e-global-typography-8705785-word-spacing ); text-align: var(--text-align);\">Da, epilepsia poate fi declarat\u0103 vindecat\u0103!<\/span><\/p><\/div><\/div><\/section>\t\t\t\t\t\t\t\t<\/div>\n\t\t\t\t<\/div>\n\t\t<div class=\"elementor-element elementor-element-0d8a035 e-con-full e-grid e-con e-child\" data-id=\"0d8a035\" data-element_type=\"container\" data-e-type=\"container\">\n\t\t<div class=\"elementor-element elementor-element-7c305fd e-con-full e-flex e-con e-child\" data-id=\"7c305fd\" data-element_type=\"container\" data-e-type=\"container\">\n\t\t\t\t<div class=\"elementor-element elementor-element-cd74be7 elementor-widget elementor-widget-image\" data-id=\"cd74be7\" data-element_type=\"widget\" data-e-type=\"widget\" data-widget_type=\"image.default\">\n\t\t\t\t<div class=\"elementor-widget-container\">\n\t\t\t\t\t\t\t\t\t\t\t\t\t\t\t\t<a href=\"https:\/\/ringdoc.ro\/patient\/medicProfile\/7405\">\n\t\t\t\t\t\t\t<img decoding=\"async\" src=\"https:\/\/blog.ringdoc.ro\/wp-content\/uploads\/2022\/12\/dr-lascu-madalina-neurologie-pediatrica.jpg\" title=\"\" alt=\"Dr. Lascu Madalina - neurologie pediatrica Constanta\" loading=\"lazy\" \/>\t\t\t\t\t\t\t\t<\/a>\n\t\t\t\t\t\t\t\t\t\t\t\t\t\t\t<\/div>\n\t\t\t\t<\/div>\n\t\t\t\t<div class=\"elementor-element elementor-element-bcc1e45 elementor-widget elementor-widget-text-editor\" data-id=\"bcc1e45\" data-element_type=\"widget\" data-e-type=\"widget\" data-widget_type=\"text-editor.default\">\n\t\t\t\t<div class=\"elementor-widget-container\">\n\t\t\t\t\t\t\t\t\t<p><span style=\"color: #ff6a39;\"><strong><a style=\"background-color: #ffffff; color: #ff6a39;\" href=\"https:\/\/ringdoc.ro\/patient\/medicProfile\/7405\" target=\"_blank\" rel=\"noopener\">Dr. M\u0103d\u0103lina Lascu<\/a><\/strong><\/span><br \/>Medic specialist neurologie pediatric\u0103<\/p>\t\t\t\t\t\t\t\t<\/div>\n\t\t\t\t<\/div>\n\t\t\t\t<\/div>\n\t\t<div class=\"elementor-element elementor-element-11a9da6 e-con-full e-flex e-con e-child\" data-id=\"11a9da6\" data-element_type=\"container\" data-e-type=\"container\">\n\t\t\t\t<div class=\"elementor-element elementor-element-ba067b4 elementor-widget elementor-widget-heading\" data-id=\"ba067b4\" data-element_type=\"widget\" data-e-type=\"widget\" data-widget_type=\"heading.default\">\n\t\t\t\t<div class=\"elementor-widget-container\">\n\t\t\t\t\t<h4 class=\"elementor-heading-title elementor-size-default\">Bibliografie<\/h4>\t\t\t\t<\/div>\n\t\t\t\t<\/div>\n\t\t\t\t<div class=\"elementor-element elementor-element-e16459d elementor-widget elementor-widget-text-editor\" data-id=\"e16459d\" data-element_type=\"widget\" data-e-type=\"widget\" data-widget_type=\"text-editor.default\">\n\t\t\t\t<div class=\"elementor-widget-container\">\n\t\t\t\t\t\t\t\t\t<ul><li>Neurologie Pediatric\u0103 &#8211; Note de curs: Conf. Dr. Dana Craiu, Catrinel Iliescu<\/li><li><span style=\"color: #ff6a39;\"><a style=\"color: #ff6a39;\" href=\"https:\/\/emedicine.medscape.com\/article\/1176205-overview\">medscape.com<\/a><\/span><\/li><li><span style=\"color: #ff6a39;\"><a style=\"color: #ff6a39;\" href=\"https:\/\/www.analesdepediatria.org\/es-epilepsia-rolandica-caracteristicas-epidemiologicas-clinicas-articulo-S1695403308701826\">analesdepediatria.org<\/a><\/span><\/li><li><span style=\"color: #ff6a39;\"><a style=\"color: #ff6a39;\" href=\"https:\/\/epilepsiabarcelona.com\/epilepsia-rolandica-de-la-infancia-tratada-con-sonidos\/\">epilepsiabarcelona.com<\/a><\/span><\/li><\/ul>\t\t\t\t\t\t\t\t<\/div>\n\t\t\t\t<\/div>\n\t\t\t\t<\/div>\n\t\t\t\t<\/div>\n\t\t\t\t\t<\/div>\n\t\t\t\t<\/div>\n\t\t\t\t<\/div>\n\t\t","protected":false},"excerpt":{"rendered":"<p>Epilepsia benign\u0103 a copil\u0103riei sau epilepsia rolandic\u0103 este cel mai frecvent sindrom de epilepsie ap\u0103rut \u00een copil\u0103rie. Aceasta are ca \u0219i v\u00e2rst\u0103 de debut \u00eentre 2-14 ani cu un maxim de 6-9 ani, fiind autolimitat\u0103 (crizele oprindu-se p\u00e2n\u0103 la v\u00e2rsta de aproximativ 14-16 ani). Exist\u0103 rar \u0219i cazuri descrise la 1 an. Manifest\u0103rile paroxistice survin [&hellip;]<\/p>\n","protected":false},"author":1,"featured_media":3517,"comment_status":"closed","ping_status":"closed","sticky":false,"template":"","format":"standard","meta":{"footnotes":""},"categories":[57],"tags":[59,58],"class_list":["post-761","post","type-post","status-publish","format-standard","has-post-thumbnail","hentry","category-neurologie-pediatrica","tag-epilepsia-benigna","tag-epilepsie"],"yoast_head":"<!-- This site is optimized with the Yoast SEO Premium plugin v27.4 (Yoast SEO v27.4) - https:\/\/yoast.com\/product\/yoast-seo-premium-wordpress\/ -->\n<title>Epilepsia Benign\u0103 a copil\u0103riei sau Epilepsia Rolandic\u0103<\/title>\n<meta name=\"description\" content=\"Afl\u0103 dintr-un articol concis, scris de un medic neurolog pediatru ce este epilepsia benign\u0103 sau epilepsia rolandic\u0103 la copii\" \/>\n<meta name=\"robots\" content=\"index, follow, max-snippet:-1, max-image-preview:large, max-video-preview:-1\" \/>\n<link rel=\"canonical\" href=\"https:\/\/ringdoc.ro\/resurse-medicale\/epilepsia-benigna-a-copilariei-sau-epilepsia-rolandica\/\" \/>\n<meta property=\"og:locale\" content=\"en_US\" \/>\n<meta property=\"og:type\" content=\"article\" \/>\n<meta property=\"og:title\" content=\"Epilepsia Benign\u0103 a copil\u0103riei sau Epilepsia Rolandic\u0103\" \/>\n<meta property=\"og:description\" content=\"Afl\u0103 dintr-un articol concis, scris de un medic neurolog pediatru ce este epilepsia benign\u0103 sau epilepsia rolandic\u0103 la copii\" \/>\n<meta property=\"og:url\" content=\"https:\/\/ringdoc.ro\/resurse-medicale\/epilepsia-benigna-a-copilariei-sau-epilepsia-rolandica\/\" \/>\n<meta property=\"og:site_name\" content=\"Ringdoc - Resurse medicale\" \/>\n<meta property=\"article:publisher\" content=\"https:\/\/www.facebook.com\/ringdocapp\" \/>\n<meta property=\"article:published_time\" content=\"2023-01-17T10:17:51+00:00\" \/>\n<meta property=\"article:modified_time\" content=\"2025-12-16T10:16:10+00:00\" \/>\n<meta property=\"og:image\" content=\"https:\/\/ringdoc.ro\/resurse-medicale\/wp-content\/uploads\/2023\/01\/epilepsia-benigna-2x1.2.jpg\" \/>\n\t<meta property=\"og:image:width\" content=\"2000\" \/>\n\t<meta property=\"og:image:height\" content=\"1200\" \/>\n\t<meta property=\"og:image:type\" content=\"image\/jpeg\" \/>\n<meta name=\"author\" content=\"marketing\" \/>\n<script type=\"application\/ld+json\" class=\"yoast-schema-graph\">{\"@context\":\"https:\\\/\\\/schema.org\",\"@graph\":[{\"@type\":\"Article\",\"@id\":\"https:\\\/\\\/ringdoc.ro\\\/resurse-medicale\\\/epilepsia-benigna-a-copilariei-sau-epilepsia-rolandica\\\/#article\",\"isPartOf\":{\"@id\":\"https:\\\/\\\/ringdoc.ro\\\/resurse-medicale\\\/epilepsia-benigna-a-copilariei-sau-epilepsia-rolandica\\\/\"},\"author\":{\"name\":\"marketing\",\"@id\":\"https:\\\/\\\/ringdoc.ro\\\/resurse-medicale\\\/#\\\/schema\\\/person\\\/5d8f0cfc57980220f3b7ac836892258c\"},\"headline\":\"Epilepsia Benign\u0103 a copil\u0103riei sau Epilepsia Rolandic\u0103\",\"datePublished\":\"2023-01-17T10:17:51+00:00\",\"dateModified\":\"2025-12-16T10:16:10+00:00\",\"mainEntityOfPage\":{\"@id\":\"https:\\\/\\\/ringdoc.ro\\\/resurse-medicale\\\/epilepsia-benigna-a-copilariei-sau-epilepsia-rolandica\\\/\"},\"wordCount\":723,\"publisher\":{\"@id\":\"https:\\\/\\\/ringdoc.ro\\\/resurse-medicale\\\/#organization\"},\"image\":{\"@id\":\"https:\\\/\\\/ringdoc.ro\\\/resurse-medicale\\\/epilepsia-benigna-a-copilariei-sau-epilepsia-rolandica\\\/#primaryimage\"},\"thumbnailUrl\":\"https:\\\/\\\/ringdoc.ro\\\/resurse-medicale\\\/wp-content\\\/uploads\\\/2023\\\/01\\\/epilepsia-benigna-2x1.2.jpg\",\"keywords\":[\"Epilepsia benigna\",\"Epilepsie\"],\"articleSection\":[\"Neurologie pediatric\u0103\"],\"inLanguage\":\"en-US\"},{\"@type\":\"WebPage\",\"@id\":\"https:\\\/\\\/ringdoc.ro\\\/resurse-medicale\\\/epilepsia-benigna-a-copilariei-sau-epilepsia-rolandica\\\/\",\"url\":\"https:\\\/\\\/ringdoc.ro\\\/resurse-medicale\\\/epilepsia-benigna-a-copilariei-sau-epilepsia-rolandica\\\/\",\"name\":\"Epilepsia Benign\u0103 a copil\u0103riei sau Epilepsia Rolandic\u0103\",\"isPartOf\":{\"@id\":\"https:\\\/\\\/ringdoc.ro\\\/resurse-medicale\\\/#website\"},\"primaryImageOfPage\":{\"@id\":\"https:\\\/\\\/ringdoc.ro\\\/resurse-medicale\\\/epilepsia-benigna-a-copilariei-sau-epilepsia-rolandica\\\/#primaryimage\"},\"image\":{\"@id\":\"https:\\\/\\\/ringdoc.ro\\\/resurse-medicale\\\/epilepsia-benigna-a-copilariei-sau-epilepsia-rolandica\\\/#primaryimage\"},\"thumbnailUrl\":\"https:\\\/\\\/ringdoc.ro\\\/resurse-medicale\\\/wp-content\\\/uploads\\\/2023\\\/01\\\/epilepsia-benigna-2x1.2.jpg\",\"datePublished\":\"2023-01-17T10:17:51+00:00\",\"dateModified\":\"2025-12-16T10:16:10+00:00\",\"description\":\"Afl\u0103 dintr-un articol concis, scris de un medic neurolog pediatru ce este epilepsia benign\u0103 sau epilepsia rolandic\u0103 la copii\",\"breadcrumb\":{\"@id\":\"https:\\\/\\\/ringdoc.ro\\\/resurse-medicale\\\/epilepsia-benigna-a-copilariei-sau-epilepsia-rolandica\\\/#breadcrumb\"},\"inLanguage\":\"en-US\",\"potentialAction\":[{\"@type\":\"ReadAction\",\"target\":[\"https:\\\/\\\/ringdoc.ro\\\/resurse-medicale\\\/epilepsia-benigna-a-copilariei-sau-epilepsia-rolandica\\\/\"]}]},{\"@type\":\"ImageObject\",\"inLanguage\":\"en-US\",\"@id\":\"https:\\\/\\\/ringdoc.ro\\\/resurse-medicale\\\/epilepsia-benigna-a-copilariei-sau-epilepsia-rolandica\\\/#primaryimage\",\"url\":\"https:\\\/\\\/ringdoc.ro\\\/resurse-medicale\\\/wp-content\\\/uploads\\\/2023\\\/01\\\/epilepsia-benigna-2x1.2.jpg\",\"contentUrl\":\"https:\\\/\\\/ringdoc.ro\\\/resurse-medicale\\\/wp-content\\\/uploads\\\/2023\\\/01\\\/epilepsia-benigna-2x1.2.jpg\",\"width\":2000,\"height\":1200,\"caption\":\"Epilepsia Benign\u0103 A Copil\u0103riei sau Epilepsia Rolandic\u0103\"},{\"@type\":\"BreadcrumbList\",\"@id\":\"https:\\\/\\\/ringdoc.ro\\\/resurse-medicale\\\/epilepsia-benigna-a-copilariei-sau-epilepsia-rolandica\\\/#breadcrumb\",\"itemListElement\":[{\"@type\":\"ListItem\",\"position\":1,\"name\":\"Prima pagin\u0103\",\"item\":\"https:\\\/\\\/ringdoc.ro\\\/resurse-medicale\\\/\"},{\"@type\":\"ListItem\",\"position\":2,\"name\":\"Epilepsia Benign\u0103 a copil\u0103riei sau Epilepsia Rolandic\u0103\"}]},{\"@type\":\"WebSite\",\"@id\":\"https:\\\/\\\/ringdoc.ro\\\/resurse-medicale\\\/#website\",\"url\":\"https:\\\/\\\/ringdoc.ro\\\/resurse-medicale\\\/\",\"name\":\"Resurse medicale\",\"description\":\"Doctor \u0219i re\u021bet\u0103, online de oriunde\",\"publisher\":{\"@id\":\"https:\\\/\\\/ringdoc.ro\\\/resurse-medicale\\\/#organization\"},\"potentialAction\":[{\"@type\":\"SearchAction\",\"target\":{\"@type\":\"EntryPoint\",\"urlTemplate\":\"https:\\\/\\\/ringdoc.ro\\\/resurse-medicale\\\/?s={search_term_string}\"},\"query-input\":{\"@type\":\"PropertyValueSpecification\",\"valueRequired\":true,\"valueName\":\"search_term_string\"}}],\"inLanguage\":\"en-US\"},{\"@type\":\"Organization\",\"@id\":\"https:\\\/\\\/ringdoc.ro\\\/resurse-medicale\\\/#organization\",\"name\":\"Ringdoc\",\"url\":\"https:\\\/\\\/ringdoc.ro\\\/resurse-medicale\\\/\",\"logo\":{\"@type\":\"ImageObject\",\"inLanguage\":\"en-US\",\"@id\":\"https:\\\/\\\/ringdoc.ro\\\/resurse-medicale\\\/#\\\/schema\\\/logo\\\/image\\\/\",\"url\":\"https:\\\/\\\/ringdoc.ro\\\/resurse-medicale\\\/wp-content\\\/uploads\\\/2026\\\/03\\\/ringdoc-logo-blog.webp\",\"contentUrl\":\"https:\\\/\\\/ringdoc.ro\\\/resurse-medicale\\\/wp-content\\\/uploads\\\/2026\\\/03\\\/ringdoc-logo-blog.webp\",\"width\":1000,\"height\":250,\"caption\":\"Ringdoc\"},\"image\":{\"@id\":\"https:\\\/\\\/ringdoc.ro\\\/resurse-medicale\\\/#\\\/schema\\\/logo\\\/image\\\/\"},\"sameAs\":[\"https:\\\/\\\/www.facebook.com\\\/ringdocapp\",\"https:\\\/\\\/www.linkedin.com\\\/company\\\/ringdocapp\\\/\",\"https:\\\/\\\/www.instagram.com\\\/ringdocapp\\\/\"]},{\"@type\":\"Person\",\"@id\":\"https:\\\/\\\/ringdoc.ro\\\/resurse-medicale\\\/#\\\/schema\\\/person\\\/5d8f0cfc57980220f3b7ac836892258c\",\"name\":\"marketing\",\"sameAs\":[\"https:\\\/\\\/ringdoc.ro\\\/resurse-medicale\"]}]}<\/script>\n<!-- \/ Yoast SEO Premium plugin. -->","yoast_head_json":{"title":"Epilepsia Benign\u0103 a copil\u0103riei sau Epilepsia Rolandic\u0103","description":"Afl\u0103 dintr-un articol concis, scris de un medic neurolog pediatru ce este epilepsia benign\u0103 sau epilepsia rolandic\u0103 la copii","robots":{"index":"index","follow":"follow","max-snippet":"max-snippet:-1","max-image-preview":"max-image-preview:large","max-video-preview":"max-video-preview:-1"},"canonical":"https:\/\/ringdoc.ro\/resurse-medicale\/epilepsia-benigna-a-copilariei-sau-epilepsia-rolandica\/","og_locale":"en_US","og_type":"article","og_title":"Epilepsia Benign\u0103 a copil\u0103riei sau Epilepsia Rolandic\u0103","og_description":"Afl\u0103 dintr-un articol concis, scris de un medic neurolog pediatru ce este epilepsia benign\u0103 sau epilepsia rolandic\u0103 la copii","og_url":"https:\/\/ringdoc.ro\/resurse-medicale\/epilepsia-benigna-a-copilariei-sau-epilepsia-rolandica\/","og_site_name":"Ringdoc - Resurse medicale","article_publisher":"https:\/\/www.facebook.com\/ringdocapp","article_published_time":"2023-01-17T10:17:51+00:00","article_modified_time":"2025-12-16T10:16:10+00:00","og_image":[{"width":2000,"height":1200,"url":"https:\/\/ringdoc.ro\/resurse-medicale\/wp-content\/uploads\/2023\/01\/epilepsia-benigna-2x1.2.jpg","type":"image\/jpeg"}],"author":"marketing","schema":{"@context":"https:\/\/schema.org","@graph":[{"@type":"Article","@id":"https:\/\/ringdoc.ro\/resurse-medicale\/epilepsia-benigna-a-copilariei-sau-epilepsia-rolandica\/#article","isPartOf":{"@id":"https:\/\/ringdoc.ro\/resurse-medicale\/epilepsia-benigna-a-copilariei-sau-epilepsia-rolandica\/"},"author":{"name":"marketing","@id":"https:\/\/ringdoc.ro\/resurse-medicale\/#\/schema\/person\/5d8f0cfc57980220f3b7ac836892258c"},"headline":"Epilepsia Benign\u0103 a copil\u0103riei sau Epilepsia Rolandic\u0103","datePublished":"2023-01-17T10:17:51+00:00","dateModified":"2025-12-16T10:16:10+00:00","mainEntityOfPage":{"@id":"https:\/\/ringdoc.ro\/resurse-medicale\/epilepsia-benigna-a-copilariei-sau-epilepsia-rolandica\/"},"wordCount":723,"publisher":{"@id":"https:\/\/ringdoc.ro\/resurse-medicale\/#organization"},"image":{"@id":"https:\/\/ringdoc.ro\/resurse-medicale\/epilepsia-benigna-a-copilariei-sau-epilepsia-rolandica\/#primaryimage"},"thumbnailUrl":"https:\/\/ringdoc.ro\/resurse-medicale\/wp-content\/uploads\/2023\/01\/epilepsia-benigna-2x1.2.jpg","keywords":["Epilepsia benigna","Epilepsie"],"articleSection":["Neurologie pediatric\u0103"],"inLanguage":"en-US"},{"@type":"WebPage","@id":"https:\/\/ringdoc.ro\/resurse-medicale\/epilepsia-benigna-a-copilariei-sau-epilepsia-rolandica\/","url":"https:\/\/ringdoc.ro\/resurse-medicale\/epilepsia-benigna-a-copilariei-sau-epilepsia-rolandica\/","name":"Epilepsia Benign\u0103 a copil\u0103riei sau Epilepsia Rolandic\u0103","isPartOf":{"@id":"https:\/\/ringdoc.ro\/resurse-medicale\/#website"},"primaryImageOfPage":{"@id":"https:\/\/ringdoc.ro\/resurse-medicale\/epilepsia-benigna-a-copilariei-sau-epilepsia-rolandica\/#primaryimage"},"image":{"@id":"https:\/\/ringdoc.ro\/resurse-medicale\/epilepsia-benigna-a-copilariei-sau-epilepsia-rolandica\/#primaryimage"},"thumbnailUrl":"https:\/\/ringdoc.ro\/resurse-medicale\/wp-content\/uploads\/2023\/01\/epilepsia-benigna-2x1.2.jpg","datePublished":"2023-01-17T10:17:51+00:00","dateModified":"2025-12-16T10:16:10+00:00","description":"Afl\u0103 dintr-un articol concis, scris de un medic neurolog pediatru ce este epilepsia benign\u0103 sau epilepsia rolandic\u0103 la copii","breadcrumb":{"@id":"https:\/\/ringdoc.ro\/resurse-medicale\/epilepsia-benigna-a-copilariei-sau-epilepsia-rolandica\/#breadcrumb"},"inLanguage":"en-US","potentialAction":[{"@type":"ReadAction","target":["https:\/\/ringdoc.ro\/resurse-medicale\/epilepsia-benigna-a-copilariei-sau-epilepsia-rolandica\/"]}]},{"@type":"ImageObject","inLanguage":"en-US","@id":"https:\/\/ringdoc.ro\/resurse-medicale\/epilepsia-benigna-a-copilariei-sau-epilepsia-rolandica\/#primaryimage","url":"https:\/\/ringdoc.ro\/resurse-medicale\/wp-content\/uploads\/2023\/01\/epilepsia-benigna-2x1.2.jpg","contentUrl":"https:\/\/ringdoc.ro\/resurse-medicale\/wp-content\/uploads\/2023\/01\/epilepsia-benigna-2x1.2.jpg","width":2000,"height":1200,"caption":"Epilepsia Benign\u0103 A Copil\u0103riei sau Epilepsia Rolandic\u0103"},{"@type":"BreadcrumbList","@id":"https:\/\/ringdoc.ro\/resurse-medicale\/epilepsia-benigna-a-copilariei-sau-epilepsia-rolandica\/#breadcrumb","itemListElement":[{"@type":"ListItem","position":1,"name":"Prima pagin\u0103","item":"https:\/\/ringdoc.ro\/resurse-medicale\/"},{"@type":"ListItem","position":2,"name":"Epilepsia Benign\u0103 a copil\u0103riei sau Epilepsia Rolandic\u0103"}]},{"@type":"WebSite","@id":"https:\/\/ringdoc.ro\/resurse-medicale\/#website","url":"https:\/\/ringdoc.ro\/resurse-medicale\/","name":"Resurse medicale","description":"Doctor \u0219i re\u021bet\u0103, online de oriunde","publisher":{"@id":"https:\/\/ringdoc.ro\/resurse-medicale\/#organization"},"potentialAction":[{"@type":"SearchAction","target":{"@type":"EntryPoint","urlTemplate":"https:\/\/ringdoc.ro\/resurse-medicale\/?s={search_term_string}"},"query-input":{"@type":"PropertyValueSpecification","valueRequired":true,"valueName":"search_term_string"}}],"inLanguage":"en-US"},{"@type":"Organization","@id":"https:\/\/ringdoc.ro\/resurse-medicale\/#organization","name":"Ringdoc","url":"https:\/\/ringdoc.ro\/resurse-medicale\/","logo":{"@type":"ImageObject","inLanguage":"en-US","@id":"https:\/\/ringdoc.ro\/resurse-medicale\/#\/schema\/logo\/image\/","url":"https:\/\/ringdoc.ro\/resurse-medicale\/wp-content\/uploads\/2026\/03\/ringdoc-logo-blog.webp","contentUrl":"https:\/\/ringdoc.ro\/resurse-medicale\/wp-content\/uploads\/2026\/03\/ringdoc-logo-blog.webp","width":1000,"height":250,"caption":"Ringdoc"},"image":{"@id":"https:\/\/ringdoc.ro\/resurse-medicale\/#\/schema\/logo\/image\/"},"sameAs":["https:\/\/www.facebook.com\/ringdocapp","https:\/\/www.linkedin.com\/company\/ringdocapp\/","https:\/\/www.instagram.com\/ringdocapp\/"]},{"@type":"Person","@id":"https:\/\/ringdoc.ro\/resurse-medicale\/#\/schema\/person\/5d8f0cfc57980220f3b7ac836892258c","name":"marketing","sameAs":["https:\/\/ringdoc.ro\/resurse-medicale"]}]}},"_links":{"self":[{"href":"https:\/\/ringdoc.ro\/resurse-medicale\/wp-json\/wp\/v2\/posts\/761","targetHints":{"allow":["GET"]}}],"collection":[{"href":"https:\/\/ringdoc.ro\/resurse-medicale\/wp-json\/wp\/v2\/posts"}],"about":[{"href":"https:\/\/ringdoc.ro\/resurse-medicale\/wp-json\/wp\/v2\/types\/post"}],"author":[{"embeddable":true,"href":"https:\/\/ringdoc.ro\/resurse-medicale\/wp-json\/wp\/v2\/users\/1"}],"replies":[{"embeddable":true,"href":"https:\/\/ringdoc.ro\/resurse-medicale\/wp-json\/wp\/v2\/comments?post=761"}],"version-history":[{"count":3,"href":"https:\/\/ringdoc.ro\/resurse-medicale\/wp-json\/wp\/v2\/posts\/761\/revisions"}],"predecessor-version":[{"id":5772,"href":"https:\/\/ringdoc.ro\/resurse-medicale\/wp-json\/wp\/v2\/posts\/761\/revisions\/5772"}],"wp:featuredmedia":[{"embeddable":true,"href":"https:\/\/ringdoc.ro\/resurse-medicale\/wp-json\/wp\/v2\/media\/3517"}],"wp:attachment":[{"href":"https:\/\/ringdoc.ro\/resurse-medicale\/wp-json\/wp\/v2\/media?parent=761"}],"wp:term":[{"taxonomy":"category","embeddable":true,"href":"https:\/\/ringdoc.ro\/resurse-medicale\/wp-json\/wp\/v2\/categories?post=761"},{"taxonomy":"post_tag","embeddable":true,"href":"https:\/\/ringdoc.ro\/resurse-medicale\/wp-json\/wp\/v2\/tags?post=761"}],"curies":[{"name":"wp","href":"https:\/\/api.w.org\/{rel}","templated":true}]}}